{"id":10041,"date":"2025-09-26T17:00:49","date_gmt":"2025-09-26T23:00:49","guid":{"rendered":"https:\/\/csuca.org\/?p=10041"},"modified":"2025-09-26T17:01:45","modified_gmt":"2025-09-26T23:01:45","slug":"x-asamblea-general-del-sistema-regional-de-informacion-y-comunicacion-universitaria-sireicu","status":"publish","type":"post","link":"https:\/\/csuca.org\/en\/x-asamblea-general-del-sistema-regional-de-informacion-y-comunicacion-universitaria-sireicu\/","title":{"rendered":"10th General Assembly of the Regional University Information and Communication System (SIREICU)"},"content":{"rendered":"<div data-elementor-type=\"wp-post\" data-elementor-id=\"10041\" class=\"elementor elementor-10041\">\n\t\t\t\t\t\t<section class=\"elementor-section elementor-top-section elementor-element elementor-element-c59ba46 elementor-section-boxed elementor-section-height-default elementor-section-height-default\" data-id=\"c59ba46\" data-element_type=\"section\" data-e-type=\"section\">\n\t\t\t\t\t\t<div class=\"elementor-container elementor-column-gap-default\">\n\t\t\t\t\t<div class=\"elementor-column elementor-col-100 elementor-top-column elementor-element elementor-element-f0a6e70\" data-id=\"f0a6e70\" data-element_type=\"column\" data-e-type=\"column\">\n\t\t\t<div class=\"elementor-widget-wrap elementor-element-populated\">\n\t\t\t\t\t\t<div class=\"elementor-element elementor-element-d874381 elementor-widget elementor-widget-text-editor\" data-id=\"d874381\" data-element_type=\"widget\" data-e-type=\"widget\" data-widget_type=\"text-editor.default\">\n\t\t\t\t<div class=\"elementor-widget-container\">\n\t\t\t\t\t\t\t\t\t<p style=\"text-align: right;\">Santo Domingo, September 25 and 26, 2025<\/p><p>The Regional System of University Information and Communication (SIREICU), a branch of the Central American University Confederation (CSUCA), held its X General Assembly on September 25 and 26, 2025 at the Autonomous University of Santo Domingo (UASD), Dominican Republic, consolidating itself as a space for integration and articulation of the communication bodies of the public universities of the region.<\/p><p>The opening ceremony was presided over by MSc. Editrudis Beltr\u00e1n Cris\u00f3stomo, Rector of UASD; MSc. Carlos Alvarado Cerezo, Secretary General of CSUCA; and Mtro. Roberto Tejada, Director General of Communications at UASD and outgoing President of SIREICU. During the event, the strategic role of SIREICU as a key instrument for the creation, production, and dissemination of communication materials that showcase the work of regional universities was highlighted.<\/p><p>With a lively message, Mr. Roberto Tejada opened the general assembly, calling for regional unity: \u201cIt is a pleasure for us to welcome you to our home. For the past 11 months, I have led this organization with the mission of promoting communication from the Presidency of SIREICU, and our actions have been driven in that direction, actions that consolidate communication and regional integration.\u201d.<\/p><p>For his part, MSc. Carlos Alvarado Cerezo, Secretary General of CSUCA, stated, \u201cToday we meet not only to continue the work already underway, but also to look back on the nine previous assemblies, in which we have sown ideas, projects, and agreements that have strengthened our shared vision. This journey has allowed us to build a university communication network that is now more solid, more coordinated, and more aware of its responsibility to the regional community,\u201d inviting everyone to follow up. .<\/p><p>While MSc. Editudis Beltr\u00e1n Crisostomo, Rector of the Autonomous University of Santo Domingo, pointed out, \u201cDisseminating beautiful work is to keep alive the contribution of public universities to the development of our people; academia must offer guidelines and knowledge with relevance, truthfulness, and freedom that contribute to the development of the peoples of the region,\u201d mentioning the importance. .<\/p><p>The main objectives of SIREICU are: to promote inter-university alliances for the dissemination of university activities; to contribute to the formulation of communication policies; to support networking among academics and researchers; to strengthen the capacities of communication teams; and to develop products that disseminate research, teaching, culture, and sports.<\/p><p>The Assembly&#039;s agenda included keynote addresses by Iv\u00e1n Ruiz (CRTV Channel 4) and Libio Encarnaci\u00f3n (UASD), working groups on the Red Comunica and Radio Comunica networks, the development of a Communication Manual to support teaching and crisis situations, and the creation of a regional inventory of media outlets and university communication offices. Additionally, proposals were promoted for joint communication campaigns among CSUCA systems and the production of an institutional promotional video.<\/p><p>A pivotal moment of the Assembly was the transfer of the SIREICU presidency to Mr. Edwin Medina, who presented his work plan, which aims to foster collaborative exchange within the communication sector. Also significant was the election of the new Secretary General for the 2026-2028 term, Maribelle Quir\u00f3s from the National University of Costa Rica, thus ensuring the system&#039;s continuity and renewal.<\/p><p>The X General Assembly of SIREICU reaffirmed that university communication is a fundamental pillar for Central American and Caribbean integration, strengthening the mission of universities to contribute to the development, culture and critical thinking of the region.<\/p><p>The day will culminate with the First SIREICU Awards Ceremony, a milestone that recognizes the communication efforts of member universities and symbolizes the consolidation of the system as a regional benchmark in university communication.<\/p>\t\t\t\t\t\t\t\t<\/div>\n\t\t\t\t<\/div>\n\t\t\t\t\t<\/div>\n\t\t<\/div>\n\t\t\t\t\t<\/div>\n\t\t<\/section>\n\t\t\t\t<section class=\"elementor-section elementor-top-section elementor-element elementor-element-9b07442 elementor-section-boxed elementor-section-height-default elementor-section-height-default\" data-id=\"9b07442\" data-element_type=\"section\" data-e-type=\"section\">\n\t\t\t\t\t\t<div class=\"elementor-container elementor-column-gap-default\">\n\t\t\t\t\t<div class=\"elementor-column elementor-col-100 elementor-top-column elementor-element elementor-element-a49756d\" data-id=\"a49756d\" data-element_type=\"column\" data-e-type=\"column\">\n\t\t\t<div class=\"elementor-widget-wrap elementor-element-populated\">\n\t\t\t\t\t\t<div class=\"elementor-element elementor-element-08de306 elementor-widget elementor-widget-image\" data-id=\"08de306\" data-element_type=\"widget\" data-e-type=\"widget\" data-widget_type=\"image.default\">\n\t\t\t\t<div class=\"elementor-widget-container\">\n\t\t\t\t\t\t\t\t\t\t\t\t\t\t\t<img fetchpriority=\"high\" decoding=\"async\" width=\"840\" height=\"473\" src=\"https:\/\/csuca.org\/wp-content\/uploads\/2025\/09\/WhatsApp-Image-2025-09-26-at-4.41.44-PM-1024x576.jpeg\" class=\"attachment-large size-large wp-image-10042\" alt=\"\" srcset=\"https:\/\/csuca.org\/wp-content\/uploads\/2025\/09\/WhatsApp-Image-2025-09-26-at-4.41.44-PM-1024x576.jpeg 1024w, https:\/\/csuca.org\/wp-content\/uploads\/2025\/09\/WhatsApp-Image-2025-09-26-at-4.41.44-PM-500x281.jpeg 500w, https:\/\/csuca.org\/wp-content\/uploads\/2025\/09\/WhatsApp-Image-2025-09-26-at-4.41.44-PM-768x432.jpeg 768w, https:\/\/csuca.org\/wp-content\/uploads\/2025\/09\/WhatsApp-Image-2025-09-26-at-4.41.44-PM-1536x864.jpeg 1536w, https:\/\/csuca.org\/wp-content\/uploads\/2025\/09\/WhatsApp-Image-2025-09-26-at-4.41.44-PM-18x10.jpeg 18w, https:\/\/csuca.org\/wp-content\/uploads\/2025\/09\/WhatsApp-Image-2025-09-26-at-4.41.44-PM-1200x675.jpeg 1200w, https:\/\/csuca.org\/wp-content\/uploads\/2025\/09\/WhatsApp-Image-2025-09-26-at-4.41.44-PM.jpeg 1600w\" sizes=\"(max-width: 709px) 85vw, (max-width: 909px) 67vw, (max-width: 1362px) 62vw, 840px\" \/>\t\t\t\t\t\t\t\t\t\t\t\t\t\t\t<\/div>\n\t\t\t\t<\/div>\n\t\t\t\t\t<\/div>\n\t\t<\/div>\n\t\t\t\t\t<\/div>\n\t\t<\/section>\n\t\t\t\t<\/div>","protected":false},"excerpt":{"rendered":"<p>Santo Domingo 25 y 26 de Septiembre, 2025 El Sistema Regional de Informaci\u00f3n y Comunicaci\u00f3n Universitaria (SIREICU), dependencia de la Confederaci\u00f3n Universitaria Centroamericana (CSUCA), celebr\u00f3 los d\u00edas 25 y 26 de septiembre de 2025 su X Asamblea General en la Universidad Aut\u00f3noma de Santo Domingo (UASD), Rep\u00fablica Dominicana, consolid\u00e1ndose como un espacio de integraci\u00f3n y &hellip; <a href=\"https:\/\/csuca.org\/en\/x-asamblea-general-del-sistema-regional-de-informacion-y-comunicacion-universitaria-sireicu\/\" class=\"more-link\">Continue reading<span class=\"screen-reader-text\"> &#8220;X Asamblea General del Sistema Regional de Informaci\u00f3n y Comunicaci\u00f3n Universitaria (SIREICU)&#8221;<\/span><\/a><\/p>","protected":false},"author":4,"featured_media":10043,"comment_status":"closed","ping_status":"open","sticky":false,"template":"","format":"standard","meta":{"footnotes":""},"categories":[1],"tags":[],"class_list":["post-10041","post","type-post","status-publish","format-standard","has-post-thumbnail","hentry","category-noticias"],"yoast_head":"<!-- This site is optimized with the Yoast SEO plugin v28.1 - https:\/\/yoast.com\/product\/yoast-seo-wordpress\/ -->\n<title>X Asamblea General del Sistema Regional de Informaci\u00f3n y Comunicaci\u00f3n Universitaria (SIREICU) -<\/title>\n<meta name=\"robots\" content=\"index, follow, max-snippet:-1, max-image-preview:large, max-video-preview:-1\" \/>\n<link rel=\"canonical\" href=\"https:\/\/csuca.org\/en\/x-asamblea-general-del-sistema-regional-de-informacion-y-comunicacion-universitaria-sireicu\/\" \/>\n<meta property=\"og:locale\" content=\"en_US\" \/>\n<meta property=\"og:type\" content=\"article\" \/>\n<meta property=\"og:title\" content=\"X Asamblea General del Sistema Regional de Informaci\u00f3n y Comunicaci\u00f3n Universitaria (SIREICU) -\" \/>\n<meta property=\"og:description\" content=\"Santo Domingo 25 y 26 de Septiembre, 2025 El Sistema Regional de Informaci\u00f3n y Comunicaci\u00f3n Universitaria (SIREICU), dependencia de la Confederaci\u00f3n Universitaria Centroamericana (CSUCA), celebr\u00f3 los d\u00edas 25 y 26 de septiembre de 2025 su X Asamblea General en la Universidad Aut\u00f3noma de Santo Domingo (UASD), Rep\u00fablica Dominicana, consolid\u00e1ndose como un espacio de integraci\u00f3n y &hellip; Continue reading &quot;X Asamblea General del Sistema Regional de Informaci\u00f3n y Comunicaci\u00f3n Universitaria (SIREICU)&quot;\" \/>\n<meta property=\"og:url\" content=\"https:\/\/csuca.org\/en\/x-asamblea-general-del-sistema-regional-de-informacion-y-comunicacion-universitaria-sireicu\/\" \/>\n<meta property=\"article:publisher\" content=\"https:\/\/www.facebook.com\/csuca\" \/>\n<meta property=\"article:published_time\" content=\"2025-09-26T23:00:49+00:00\" \/>\n<meta property=\"article:modified_time\" content=\"2025-09-26T23:01:45+00:00\" \/>\n<meta property=\"og:image\" content=\"https:\/\/csuca.org\/wp-content\/uploads\/2025\/09\/WhatsApp-Image-2025-09-26-at-4.40.04-PM.jpeg\" \/>\n\t<meta property=\"og:image:width\" content=\"748\" \/>\n\t<meta property=\"og:image:height\" content=\"396\" \/>\n\t<meta property=\"og:image:type\" content=\"image\/jpeg\" \/>\n<meta name=\"author\" content=\"SG CSUCA\" \/>\n<meta name=\"twitter:card\" content=\"summary_large_image\" \/>\n<meta name=\"twitter:creator\" content=\"@sgcsuca\" \/>\n<meta name=\"twitter:site\" content=\"@sgcsuca\" \/>\n<meta name=\"twitter:label1\" content=\"Written by\" \/>\n\t<meta name=\"twitter:data1\" content=\"SG CSUCA\" \/>\n\t<meta name=\"twitter:label2\" content=\"Est. reading time\" \/>\n\t<meta name=\"twitter:data2\" content=\"3 minutes\" \/>\n<script type=\"application\/ld+json\" class=\"yoast-schema-graph\">{\"@context\":\"https:\\\/\\\/schema.org\",\"@graph\":[{\"@type\":\"Article\",\"@id\":\"https:\\\/\\\/csuca.org\\\/es\\\/x-asamblea-general-del-sistema-regional-de-informacion-y-comunicacion-universitaria-sireicu\\\/#article\",\"isPartOf\":{\"@id\":\"https:\\\/\\\/csuca.org\\\/es\\\/x-asamblea-general-del-sistema-regional-de-informacion-y-comunicacion-universitaria-sireicu\\\/\"},\"author\":{\"name\":\"SG CSUCA\",\"@id\":\"https:\\\/\\\/csuca.org\\\/es\\\/#\\\/schema\\\/person\\\/cb800f8d2c47d609da925ef5e21279b9\"},\"headline\":\"X Asamblea General del Sistema Regional de Informaci\u00f3n y Comunicaci\u00f3n Universitaria (SIREICU)\",\"datePublished\":\"2025-09-26T23:00:49+00:00\",\"dateModified\":\"2025-09-26T23:01:45+00:00\",\"mainEntityOfPage\":{\"@id\":\"https:\\\/\\\/csuca.org\\\/es\\\/x-asamblea-general-del-sistema-regional-de-informacion-y-comunicacion-universitaria-sireicu\\\/\"},\"wordCount\":697,\"publisher\":{\"@id\":\"https:\\\/\\\/csuca.org\\\/es\\\/#organization\"},\"image\":{\"@id\":\"https:\\\/\\\/csuca.org\\\/es\\\/x-asamblea-general-del-sistema-regional-de-informacion-y-comunicacion-universitaria-sireicu\\\/#primaryimage\"},\"thumbnailUrl\":\"https:\\\/\\\/csuca.org\\\/wp-content\\\/uploads\\\/2025\\\/09\\\/WhatsApp-Image-2025-09-26-at-4.40.04-PM.jpeg\",\"articleSection\":[\"Noticias\"],\"inLanguage\":\"en-US\"},{\"@type\":\"WebPage\",\"@id\":\"https:\\\/\\\/csuca.org\\\/es\\\/x-asamblea-general-del-sistema-regional-de-informacion-y-comunicacion-universitaria-sireicu\\\/\",\"url\":\"https:\\\/\\\/csuca.org\\\/es\\\/x-asamblea-general-del-sistema-regional-de-informacion-y-comunicacion-universitaria-sireicu\\\/\",\"name\":\"X Asamblea General del Sistema Regional de Informaci\u00f3n y Comunicaci\u00f3n Universitaria (SIREICU) -\",\"isPartOf\":{\"@id\":\"https:\\\/\\\/csuca.org\\\/es\\\/#website\"},\"primaryImageOfPage\":{\"@id\":\"https:\\\/\\\/csuca.org\\\/es\\\/x-asamblea-general-del-sistema-regional-de-informacion-y-comunicacion-universitaria-sireicu\\\/#primaryimage\"},\"image\":{\"@id\":\"https:\\\/\\\/csuca.org\\\/es\\\/x-asamblea-general-del-sistema-regional-de-informacion-y-comunicacion-universitaria-sireicu\\\/#primaryimage\"},\"thumbnailUrl\":\"https:\\\/\\\/csuca.org\\\/wp-content\\\/uploads\\\/2025\\\/09\\\/WhatsApp-Image-2025-09-26-at-4.40.04-PM.jpeg\",\"datePublished\":\"2025-09-26T23:00:49+00:00\",\"dateModified\":\"2025-09-26T23:01:45+00:00\",\"breadcrumb\":{\"@id\":\"https:\\\/\\\/csuca.org\\\/es\\\/x-asamblea-general-del-sistema-regional-de-informacion-y-comunicacion-universitaria-sireicu\\\/#breadcrumb\"},\"inLanguage\":\"en-US\",\"potentialAction\":[{\"@type\":\"ReadAction\",\"target\":[\"https:\\\/\\\/csuca.org\\\/es\\\/x-asamblea-general-del-sistema-regional-de-informacion-y-comunicacion-universitaria-sireicu\\\/\"]}]},{\"@type\":\"ImageObject\",\"inLanguage\":\"en-US\",\"@id\":\"https:\\\/\\\/csuca.org\\\/es\\\/x-asamblea-general-del-sistema-regional-de-informacion-y-comunicacion-universitaria-sireicu\\\/#primaryimage\",\"url\":\"https:\\\/\\\/csuca.org\\\/wp-content\\\/uploads\\\/2025\\\/09\\\/WhatsApp-Image-2025-09-26-at-4.40.04-PM.jpeg\",\"contentUrl\":\"https:\\\/\\\/csuca.org\\\/wp-content\\\/uploads\\\/2025\\\/09\\\/WhatsApp-Image-2025-09-26-at-4.40.04-PM.jpeg\",\"width\":748,\"height\":396},{\"@type\":\"BreadcrumbList\",\"@id\":\"https:\\\/\\\/csuca.org\\\/es\\\/x-asamblea-general-del-sistema-regional-de-informacion-y-comunicacion-universitaria-sireicu\\\/#breadcrumb\",\"itemListElement\":[{\"@type\":\"ListItem\",\"position\":1,\"name\":\"Home\",\"item\":\"https:\\\/\\\/csuca.org\\\/\"},{\"@type\":\"ListItem\",\"position\":2,\"name\":\"X Asamblea General del Sistema Regional de Informaci\u00f3n y Comunicaci\u00f3n Universitaria (SIREICU)\"}]},{\"@type\":\"WebSite\",\"@id\":\"https:\\\/\\\/csuca.org\\\/es\\\/#website\",\"url\":\"https:\\\/\\\/csuca.org\\\/es\\\/\",\"name\":\"https:\\\/\\\/csuca.org\\\/es\\\/\",\"description\":\"CSUCA\",\"publisher\":{\"@id\":\"https:\\\/\\\/csuca.org\\\/es\\\/#organization\"},\"potentialAction\":[{\"@type\":\"SearchAction\",\"target\":{\"@type\":\"EntryPoint\",\"urlTemplate\":\"https:\\\/\\\/csuca.org\\\/es\\\/?s={search_term_string}\"},\"query-input\":{\"@type\":\"PropertyValueSpecification\",\"valueRequired\":true,\"valueName\":\"search_term_string\"}}],\"inLanguage\":\"en-US\"},{\"@type\":\"Organization\",\"@id\":\"https:\\\/\\\/csuca.org\\\/es\\\/#organization\",\"name\":\"Consejo Superior Universitario Centroam\u00e9ricano\",\"url\":\"https:\\\/\\\/csuca.org\\\/es\\\/\",\"logo\":{\"@type\":\"ImageObject\",\"inLanguage\":\"en-US\",\"@id\":\"https:\\\/\\\/csuca.org\\\/es\\\/#\\\/schema\\\/logo\\\/image\\\/\",\"url\":\"https:\\\/\\\/csuca.org\\\/wp-content\\\/uploads\\\/2024\\\/06\\\/cropped-LOGO-SGCSUCA-WEB-1.png\",\"contentUrl\":\"https:\\\/\\\/csuca.org\\\/wp-content\\\/uploads\\\/2024\\\/06\\\/cropped-LOGO-SGCSUCA-WEB-1.png\",\"width\":250,\"height\":89,\"caption\":\"Consejo Superior Universitario Centroam\u00e9ricano\"},\"image\":{\"@id\":\"https:\\\/\\\/csuca.org\\\/es\\\/#\\\/schema\\\/logo\\\/image\\\/\"},\"sameAs\":[\"https:\\\/\\\/www.facebook.com\\\/csuca\",\"https:\\\/\\\/x.com\\\/sgcsuca\",\"https:\\\/\\\/www.youtube.com\\\/channel\\\/UCv73Vuad2wI0w9wcYdsSCpg\"]},{\"@type\":\"Person\",\"@id\":\"https:\\\/\\\/csuca.org\\\/es\\\/#\\\/schema\\\/person\\\/cb800f8d2c47d609da925ef5e21279b9\",\"name\":\"SG CSUCA\",\"image\":{\"@type\":\"ImageObject\",\"inLanguage\":\"en-US\",\"@id\":\"https:\\\/\\\/secure.gravatar.com\\\/avatar\\\/7e1f6f6ac7135e20ef964cb227dfa5365e76393d66d43bfc4effac4f0dbe3b1a?s=96&d=mm&r=g\",\"url\":\"https:\\\/\\\/secure.gravatar.com\\\/avatar\\\/7e1f6f6ac7135e20ef964cb227dfa5365e76393d66d43bfc4effac4f0dbe3b1a?s=96&d=mm&r=g\",\"contentUrl\":\"https:\\\/\\\/secure.gravatar.com\\\/avatar\\\/7e1f6f6ac7135e20ef964cb227dfa5365e76393d66d43bfc4effac4f0dbe3b1a?s=96&d=mm&r=g\",\"caption\":\"SG CSUCA\"},\"url\":\"https:\\\/\\\/csuca.org\\\/en\\\/author\\\/mario\\\/\"}]}<\/script>\n<!-- \/ Yoast SEO plugin. -->","yoast_head_json":{"title":"X Asamblea General del Sistema Regional de Informaci\u00f3n y Comunicaci\u00f3n Universitaria (SIREICU) -","robots":{"index":"index","follow":"follow","max-snippet":"max-snippet:-1","max-image-preview":"max-image-preview:large","max-video-preview":"max-video-preview:-1"},"canonical":"https:\/\/csuca.org\/en\/x-asamblea-general-del-sistema-regional-de-informacion-y-comunicacion-universitaria-sireicu\/","og_locale":"en_US","og_type":"article","og_title":"X Asamblea General del Sistema Regional de Informaci\u00f3n y Comunicaci\u00f3n Universitaria (SIREICU) -","og_description":"Santo Domingo 25 y 26 de Septiembre, 2025 El Sistema Regional de Informaci\u00f3n y Comunicaci\u00f3n Universitaria (SIREICU), dependencia de la Confederaci\u00f3n Universitaria Centroamericana (CSUCA), celebr\u00f3 los d\u00edas 25 y 26 de septiembre de 2025 su X Asamblea General en la Universidad Aut\u00f3noma de Santo Domingo (UASD), Rep\u00fablica Dominicana, consolid\u00e1ndose como un espacio de integraci\u00f3n y &hellip; Continue reading \"X Asamblea General del Sistema Regional de Informaci\u00f3n y Comunicaci\u00f3n Universitaria (SIREICU)\"","og_url":"https:\/\/csuca.org\/en\/x-asamblea-general-del-sistema-regional-de-informacion-y-comunicacion-universitaria-sireicu\/","article_publisher":"https:\/\/www.facebook.com\/csuca","article_published_time":"2025-09-26T23:00:49+00:00","article_modified_time":"2025-09-26T23:01:45+00:00","og_image":[{"width":748,"height":396,"url":"https:\/\/csuca.org\/wp-content\/uploads\/2025\/09\/WhatsApp-Image-2025-09-26-at-4.40.04-PM.jpeg","type":"image\/jpeg"}],"author":"SG CSUCA","twitter_card":"summary_large_image","twitter_creator":"@sgcsuca","twitter_site":"@sgcsuca","twitter_misc":{"Written by":"SG CSUCA","Est. reading time":"3 minutes"},"schema":{"@context":"https:\/\/schema.org","@graph":[{"@type":"Article","@id":"https:\/\/csuca.org\/es\/x-asamblea-general-del-sistema-regional-de-informacion-y-comunicacion-universitaria-sireicu\/#article","isPartOf":{"@id":"https:\/\/csuca.org\/es\/x-asamblea-general-del-sistema-regional-de-informacion-y-comunicacion-universitaria-sireicu\/"},"author":{"name":"SG CSUCA","@id":"https:\/\/csuca.org\/es\/#\/schema\/person\/cb800f8d2c47d609da925ef5e21279b9"},"headline":"X Asamblea General del Sistema Regional de Informaci\u00f3n y Comunicaci\u00f3n Universitaria (SIREICU)","datePublished":"2025-09-26T23:00:49+00:00","dateModified":"2025-09-26T23:01:45+00:00","mainEntityOfPage":{"@id":"https:\/\/csuca.org\/es\/x-asamblea-general-del-sistema-regional-de-informacion-y-comunicacion-universitaria-sireicu\/"},"wordCount":697,"publisher":{"@id":"https:\/\/csuca.org\/es\/#organization"},"image":{"@id":"https:\/\/csuca.org\/es\/x-asamblea-general-del-sistema-regional-de-informacion-y-comunicacion-universitaria-sireicu\/#primaryimage"},"thumbnailUrl":"https:\/\/csuca.org\/wp-content\/uploads\/2025\/09\/WhatsApp-Image-2025-09-26-at-4.40.04-PM.jpeg","articleSection":["Noticias"],"inLanguage":"en-US"},{"@type":"WebPage","@id":"https:\/\/csuca.org\/es\/x-asamblea-general-del-sistema-regional-de-informacion-y-comunicacion-universitaria-sireicu\/","url":"https:\/\/csuca.org\/es\/x-asamblea-general-del-sistema-regional-de-informacion-y-comunicacion-universitaria-sireicu\/","name":"X Asamblea General del Sistema Regional de Informaci\u00f3n y Comunicaci\u00f3n Universitaria (SIREICU) -","isPartOf":{"@id":"https:\/\/csuca.org\/es\/#website"},"primaryImageOfPage":{"@id":"https:\/\/csuca.org\/es\/x-asamblea-general-del-sistema-regional-de-informacion-y-comunicacion-universitaria-sireicu\/#primaryimage"},"image":{"@id":"https:\/\/csuca.org\/es\/x-asamblea-general-del-sistema-regional-de-informacion-y-comunicacion-universitaria-sireicu\/#primaryimage"},"thumbnailUrl":"https:\/\/csuca.org\/wp-content\/uploads\/2025\/09\/WhatsApp-Image-2025-09-26-at-4.40.04-PM.jpeg","datePublished":"2025-09-26T23:00:49+00:00","dateModified":"2025-09-26T23:01:45+00:00","breadcrumb":{"@id":"https:\/\/csuca.org\/es\/x-asamblea-general-del-sistema-regional-de-informacion-y-comunicacion-universitaria-sireicu\/#breadcrumb"},"inLanguage":"en-US","potentialAction":[{"@type":"ReadAction","target":["https:\/\/csuca.org\/es\/x-asamblea-general-del-sistema-regional-de-informacion-y-comunicacion-universitaria-sireicu\/"]}]},{"@type":"ImageObject","inLanguage":"en-US","@id":"https:\/\/csuca.org\/es\/x-asamblea-general-del-sistema-regional-de-informacion-y-comunicacion-universitaria-sireicu\/#primaryimage","url":"https:\/\/csuca.org\/wp-content\/uploads\/2025\/09\/WhatsApp-Image-2025-09-26-at-4.40.04-PM.jpeg","contentUrl":"https:\/\/csuca.org\/wp-content\/uploads\/2025\/09\/WhatsApp-Image-2025-09-26-at-4.40.04-PM.jpeg","width":748,"height":396},{"@type":"BreadcrumbList","@id":"https:\/\/csuca.org\/es\/x-asamblea-general-del-sistema-regional-de-informacion-y-comunicacion-universitaria-sireicu\/#breadcrumb","itemListElement":[{"@type":"ListItem","position":1,"name":"Home","item":"https:\/\/csuca.org\/"},{"@type":"ListItem","position":2,"name":"X Asamblea General del Sistema Regional de Informaci\u00f3n y Comunicaci\u00f3n Universitaria (SIREICU)"}]},{"@type":"WebSite","@id":"https:\/\/csuca.org\/es\/#website","url":"https:\/\/csuca.org\/es\/","name":"https:\/\/csuca.org\/es\/","description":"CSUCA","publisher":{"@id":"https:\/\/csuca.org\/es\/#organization"},"potentialAction":[{"@type":"SearchAction","target":{"@type":"EntryPoint","urlTemplate":"https:\/\/csuca.org\/es\/?s={search_term_string}"},"query-input":{"@type":"PropertyValueSpecification","valueRequired":true,"valueName":"search_term_string"}}],"inLanguage":"en-US"},{"@type":"Organization","@id":"https:\/\/csuca.org\/es\/#organization","name":"Central American Higher University Council","url":"https:\/\/csuca.org\/es\/","logo":{"@type":"ImageObject","inLanguage":"en-US","@id":"https:\/\/csuca.org\/es\/#\/schema\/logo\/image\/","url":"https:\/\/csuca.org\/wp-content\/uploads\/2024\/06\/cropped-LOGO-SGCSUCA-WEB-1.png","contentUrl":"https:\/\/csuca.org\/wp-content\/uploads\/2024\/06\/cropped-LOGO-SGCSUCA-WEB-1.png","width":250,"height":89,"caption":"Consejo Superior Universitario Centroam\u00e9ricano"},"image":{"@id":"https:\/\/csuca.org\/es\/#\/schema\/logo\/image\/"},"sameAs":["https:\/\/www.facebook.com\/csuca","https:\/\/x.com\/sgcsuca","https:\/\/www.youtube.com\/channel\/UCv73Vuad2wI0w9wcYdsSCpg"]},{"@type":"Person","@id":"https:\/\/csuca.org\/es\/#\/schema\/person\/cb800f8d2c47d609da925ef5e21279b9","name":"SG CSUCA","image":{"@type":"ImageObject","inLanguage":"en-US","@id":"https:\/\/secure.gravatar.com\/avatar\/7e1f6f6ac7135e20ef964cb227dfa5365e76393d66d43bfc4effac4f0dbe3b1a?s=96&d=mm&r=g","url":"https:\/\/secure.gravatar.com\/avatar\/7e1f6f6ac7135e20ef964cb227dfa5365e76393d66d43bfc4effac4f0dbe3b1a?s=96&d=mm&r=g","contentUrl":"https:\/\/secure.gravatar.com\/avatar\/7e1f6f6ac7135e20ef964cb227dfa5365e76393d66d43bfc4effac4f0dbe3b1a?s=96&d=mm&r=g","caption":"SG CSUCA"},"url":"https:\/\/csuca.org\/en\/author\/mario\/"}]}},"_links":{"self":[{"href":"https:\/\/csuca.org\/en\/wp-json\/wp\/v2\/posts\/10041","targetHints":{"allow":["GET"]}}],"collection":[{"href":"https:\/\/csuca.org\/en\/wp-json\/wp\/v2\/posts"}],"about":[{"href":"https:\/\/csuca.org\/en\/wp-json\/wp\/v2\/types\/post"}],"author":[{"embeddable":true,"href":"https:\/\/csuca.org\/en\/wp-json\/wp\/v2\/users\/4"}],"replies":[{"embeddable":true,"href":"https:\/\/csuca.org\/en\/wp-json\/wp\/v2\/comments?post=10041"}],"version-history":[{"count":4,"href":"https:\/\/csuca.org\/en\/wp-json\/wp\/v2\/posts\/10041\/revisions"}],"predecessor-version":[{"id":10047,"href":"https:\/\/csuca.org\/en\/wp-json\/wp\/v2\/posts\/10041\/revisions\/10047"}],"wp:featuredmedia":[{"embeddable":true,"href":"https:\/\/csuca.org\/en\/wp-json\/wp\/v2\/media\/10043"}],"wp:attachment":[{"href":"https:\/\/csuca.org\/en\/wp-json\/wp\/v2\/media?parent=10041"}],"wp:term":[{"taxonomy":"category","embeddable":true,"href":"https:\/\/csuca.org\/en\/wp-json\/wp\/v2\/categories?post=10041"},{"taxonomy":"post_tag","embeddable":true,"href":"https:\/\/csuca.org\/en\/wp-json\/wp\/v2\/tags?post=10041"}],"curies":[{"name":"wp","href":"https:\/\/api.w.org\/{rel}","templated":true}]}}