{"id":10115,"date":"2025-10-07T11:43:53","date_gmt":"2025-10-07T17:43:53","guid":{"rendered":"https:\/\/csuca.org\/?p=10115"},"modified":"2025-10-07T11:46:31","modified_gmt":"2025-10-07T17:46:31","slug":"primer-congresillo-pre-ficcua-2026","status":"publish","type":"post","link":"https:\/\/csuca.org\/en\/primer-congresillo-pre-ficcua-2026\/","title":{"rendered":"First Pre-FICCUA Congress 2026"},"content":{"rendered":"<div data-elementor-type=\"wp-post\" data-elementor-id=\"10115\" class=\"elementor elementor-10115\">\n\t\t\t\t\t\t<section class=\"elementor-section elementor-top-section elementor-element elementor-element-0ba663a elementor-section-boxed elementor-section-height-default elementor-section-height-default\" data-id=\"0ba663a\" data-element_type=\"section\" data-e-type=\"section\">\n\t\t\t\t\t\t<div class=\"elementor-container elementor-column-gap-default\">\n\t\t\t\t\t<div class=\"elementor-column elementor-col-100 elementor-top-column elementor-element elementor-element-49d5413\" data-id=\"49d5413\" data-element_type=\"column\" data-e-type=\"column\">\n\t\t\t<div class=\"elementor-widget-wrap elementor-element-populated\">\n\t\t\t\t\t\t<div class=\"elementor-element elementor-element-4ac788a elementor-widget elementor-widget-text-editor\" data-id=\"4ac788a\" data-element_type=\"widget\" data-e-type=\"widget\" data-widget_type=\"text-editor.default\">\n\t\t\t\t<div class=\"elementor-widget-container\">\n\t\t\t\t\t\t\t\t\t<p style=\"text-align: right;\">Tegucigalpa, Honduras, October 7, 2025<\/p><p><br \/>With the purpose of strengthening the cultural and artistic identity of the Central American and Caribbean peoples, the Central American Higher University Council (CSUCA), through the Regional Council of Student Life (CONREVE), inaugurated this morning the First Pre-FICCUA 2026 Congress, at the facilities of the National Autonomous University of Honduras (UNAH).<\/p><p>This activity marks the beginning of preparations for the thirteenth edition of the Central American Interuniversity Festival of Culture and Art (FICCUA), bringing together representatives from the 27 public universities that make up CSUCA, who will work together to define the artistic, thematic and logistical bases of the festival that will celebrate the student talent of the region.<\/p><p>The opening ceremony included speeches by MSc. Carlos Guillermo Alvarado Cerezo, Secretary General of CSUCA; MSc. Jorge Cortez, President of CONREVE and Coordinator of Student Life at the University of El Salvador; and Dr. Lourdes Murcia Carbajal, Academic Vice-Rector of UNAH, representing Dr. Odir Aar\u00f3n Fern\u00e1ndez Flores, Rector of UNAH.<\/p><p>Beginning with words from teacher Carlos Alvarado, who made a call\u201c<em>We must recognize that culture and the arts fulfill a vital function in allowing human imagination, creativity, and self-expression to flourish, and that this function <\/em><em>Through the possibilities of creation, it opens up multiple social perspectives, which is why I call upon you to work collaboratively for an education that, through cultural and artistic expressions, is transformative for our societies.\u201d.<\/em><\/p><p>During his speech, Professor Jorge Cortez emphasized that <em>\u201cArtistic expressions are a form of critical thinking that allows students to connect with the reality of their people, reflecting in art the essence of our Central American identity.\u201d<\/em>.<\/p><p>For her part, Dr. Lourdes Mucia expressed that this meeting <em>\u201cIt opens the doors to a new stage for our public universities, where culture becomes a transformative element, capable of strengthening the sense of belonging and regional pride.\u201d<\/em>.<\/p><p>This first mini-congress will take place on October 7th and 9th and will include several working sessions, where delegates will address proposals for artistic participation in the categories of music, theater, visual arts, literature, dance and cinematography, in addition to the presentation of the graphic line and official logo of FICCUA 2026.<\/p><p>The purpose of the First Congress is to conclude with the definition of agreements that will lay the foundations for the development of the festival, reaffirming the commitment of CSUCA and CONREVE to the promotion of art, culture and regional university integration.<\/p><p>\u00a0<\/p>\t\t\t\t\t\t\t\t<\/div>\n\t\t\t\t<\/div>\n\t\t\t\t<div class=\"elementor-element elementor-element-28a0d90 elementor-widget elementor-widget-image-gallery\" data-id=\"28a0d90\" data-element_type=\"widget\" data-e-type=\"widget\" data-widget_type=\"image-gallery.default\">\n\t\t\t\t<div class=\"elementor-widget-container\">\n\t\t\t\t\t\t\t<div class=\"elementor-image-gallery\">\n\t\t\t<div id='gallery-2' class='gallery galleryid-10115 gallery-columns-3 gallery-size-thumbnail'><figure class='gallery-item'>\n\t\t\t<div class='gallery-icon landscape'>\n\t\t\t\t<a data-elementor-open-lightbox=\"yes\" data-elementor-lightbox-slideshow=\"28a0d90\" data-elementor-lightbox-title=\"Primer Congresillo Pre-FICCUA 2026\" data-e-action-hash=\"#elementor-action%3Aaction%3Dlightbox%26settings%3DeyJpZCI6MTAxMjAsInVybCI6Imh0dHBzOlwvXC9jc3VjYS5vcmdcL3dwLWNvbnRlbnRcL3VwbG9hZHNcLzIwMjVcLzEwXC9XaGF0c0FwcC1JbWFnZS0yMDI1LTEwLTA3LWF0LTExLjM3LjUzLUFNLmpwZWciLCJzbGlkZXNob3ciOiIyOGEwZDkwIn0%3D\" href='https:\/\/csuca.org\/wp-content\/uploads\/2025\/10\/WhatsApp-Image-2025-10-07-at-11.37.53-AM.jpeg'><img fetchpriority=\"high\" decoding=\"async\" width=\"750\" height=\"750\" src=\"https:\/\/csuca.org\/wp-content\/uploads\/2025\/10\/WhatsApp-Image-2025-10-07-at-11.37.53-AM-750x750.jpeg\" class=\"attachment-thumbnail size-thumbnail\" alt=\"\" \/><\/a>\n\t\t\t<\/div><\/figure><figure class='gallery-item'>\n\t\t\t<div class='gallery-icon landscape'>\n\t\t\t\t<a data-elementor-open-lightbox=\"yes\" data-elementor-lightbox-slideshow=\"28a0d90\" data-elementor-lightbox-title=\"Primer Congresillo Pre-FICCUA 2026\" data-e-action-hash=\"#elementor-action%3Aaction%3Dlightbox%26settings%3DeyJpZCI6MTAxMjEsInVybCI6Imh0dHBzOlwvXC9jc3VjYS5vcmdcL3dwLWNvbnRlbnRcL3VwbG9hZHNcLzIwMjVcLzEwXC9XaGF0c0FwcC1JbWFnZS0yMDI1LTEwLTA3LWF0LTExLjM3LjUzLUFNLTEuanBlZyIsInNsaWRlc2hvdyI6IjI4YTBkOTAifQ%3D%3D\" href='https:\/\/csuca.org\/wp-content\/uploads\/2025\/10\/WhatsApp-Image-2025-10-07-at-11.37.53-AM-1.jpeg'><img decoding=\"async\" width=\"750\" height=\"750\" src=\"https:\/\/csuca.org\/wp-content\/uploads\/2025\/10\/WhatsApp-Image-2025-10-07-at-11.37.53-AM-1-750x750.jpeg\" class=\"attachment-thumbnail size-thumbnail\" alt=\"\" \/><\/a>\n\t\t\t<\/div><\/figure><figure class='gallery-item'>\n\t\t\t<div class='gallery-icon landscape'>\n\t\t\t\t<a data-elementor-open-lightbox=\"yes\" data-elementor-lightbox-slideshow=\"28a0d90\" data-elementor-lightbox-title=\"Primer Congresillo Pre-FICCUA 2026\" data-e-action-hash=\"#elementor-action%3Aaction%3Dlightbox%26settings%3DeyJpZCI6MTAxMjIsInVybCI6Imh0dHBzOlwvXC9jc3VjYS5vcmdcL3dwLWNvbnRlbnRcL3VwbG9hZHNcLzIwMjVcLzEwXC9XaGF0c0FwcC1JbWFnZS0yMDI1LTEwLTA3LWF0LTExLjM3LjUzLUFNLTIuanBlZyIsInNsaWRlc2hvdyI6IjI4YTBkOTAifQ%3D%3D\" href='https:\/\/csuca.org\/wp-content\/uploads\/2025\/10\/WhatsApp-Image-2025-10-07-at-11.37.53-AM-2.jpeg'><img decoding=\"async\" width=\"750\" height=\"750\" src=\"https:\/\/csuca.org\/wp-content\/uploads\/2025\/10\/WhatsApp-Image-2025-10-07-at-11.37.53-AM-2-750x750.jpeg\" class=\"attachment-thumbnail size-thumbnail\" alt=\"\" \/><\/a>\n\t\t\t<\/div><\/figure><figure class='gallery-item'>\n\t\t\t<div class='gallery-icon landscape'>\n\t\t\t\t<a data-elementor-open-lightbox=\"yes\" data-elementor-lightbox-slideshow=\"28a0d90\" data-elementor-lightbox-title=\"Primer Congresillo Pre-FICCUA 2026\" data-e-action-hash=\"#elementor-action%3Aaction%3Dlightbox%26settings%3DeyJpZCI6MTAxMTksInVybCI6Imh0dHBzOlwvXC9jc3VjYS5vcmdcL3dwLWNvbnRlbnRcL3VwbG9hZHNcLzIwMjVcLzEwXC9XaGF0c0FwcC1JbWFnZS0yMDI1LTEwLTA3LWF0LTExLjM3LjUyLUFNLTIuanBlZyIsInNsaWRlc2hvdyI6IjI4YTBkOTAifQ%3D%3D\" href='https:\/\/csuca.org\/wp-content\/uploads\/2025\/10\/WhatsApp-Image-2025-10-07-at-11.37.52-AM-2.jpeg'><img loading=\"lazy\" decoding=\"async\" width=\"750\" height=\"750\" src=\"https:\/\/csuca.org\/wp-content\/uploads\/2025\/10\/WhatsApp-Image-2025-10-07-at-11.37.52-AM-2-750x750.jpeg\" class=\"attachment-thumbnail size-thumbnail\" alt=\"\" \/><\/a>\n\t\t\t<\/div><\/figure><figure class='gallery-item'>\n\t\t\t<div class='gallery-icon landscape'>\n\t\t\t\t<a data-elementor-open-lightbox=\"yes\" data-elementor-lightbox-slideshow=\"28a0d90\" data-elementor-lightbox-title=\"Primer Congresillo Pre-FICCUA 2026\" data-e-action-hash=\"#elementor-action%3Aaction%3Dlightbox%26settings%3DeyJpZCI6MTAxMTcsInVybCI6Imh0dHBzOlwvXC9jc3VjYS5vcmdcL3dwLWNvbnRlbnRcL3VwbG9hZHNcLzIwMjVcLzEwXC9XaGF0c0FwcC1JbWFnZS0yMDI1LTEwLTA3LWF0LTExLjM3LjUyLUFNLmpwZWciLCJzbGlkZXNob3ciOiIyOGEwZDkwIn0%3D\" href='https:\/\/csuca.org\/wp-content\/uploads\/2025\/10\/WhatsApp-Image-2025-10-07-at-11.37.52-AM.jpeg'><img loading=\"lazy\" decoding=\"async\" width=\"750\" height=\"750\" src=\"https:\/\/csuca.org\/wp-content\/uploads\/2025\/10\/WhatsApp-Image-2025-10-07-at-11.37.52-AM-750x750.jpeg\" class=\"attachment-thumbnail size-thumbnail\" alt=\"\" \/><\/a>\n\t\t\t<\/div><\/figure><figure class='gallery-item'>\n\t\t\t<div class='gallery-icon landscape'>\n\t\t\t\t<a data-elementor-open-lightbox=\"yes\" data-elementor-lightbox-slideshow=\"28a0d90\" data-elementor-lightbox-title=\"Primer Congresillo Pre-FICCUA 2026\" data-e-action-hash=\"#elementor-action%3Aaction%3Dlightbox%26settings%3DeyJpZCI6MTAxMTgsInVybCI6Imh0dHBzOlwvXC9jc3VjYS5vcmdcL3dwLWNvbnRlbnRcL3VwbG9hZHNcLzIwMjVcLzEwXC9XaGF0c0FwcC1JbWFnZS0yMDI1LTEwLTA3LWF0LTExLjM3LjUyLUFNLTEuanBlZyIsInNsaWRlc2hvdyI6IjI4YTBkOTAifQ%3D%3D\" href='https:\/\/csuca.org\/wp-content\/uploads\/2025\/10\/WhatsApp-Image-2025-10-07-at-11.37.52-AM-1.jpeg'><img loading=\"lazy\" decoding=\"async\" width=\"750\" height=\"750\" src=\"https:\/\/csuca.org\/wp-content\/uploads\/2025\/10\/WhatsApp-Image-2025-10-07-at-11.37.52-AM-1-750x750.jpeg\" class=\"attachment-thumbnail size-thumbnail\" alt=\"\" \/><\/a>\n\t\t\t<\/div><\/figure>\n\t\t<\/div>\n\t\t<\/div>\n\t\t\t\t\t\t<\/div>\n\t\t\t\t<\/div>\n\t\t\t\t\t<\/div>\n\t\t<\/div>\n\t\t\t\t\t<\/div>\n\t\t<\/section>\n\t\t\t\t<\/div>","protected":false},"excerpt":{"rendered":"<p>Tegucigalpa, Honduras, 7 de octubre de 2025 Con el prop\u00f3sito de fortalecer la identidad cultural y art\u00edstica de los pueblos centroamericanos y del Caribe, el Consejo Superior Universitario Centroamericano (CSUCA), a trav\u00e9s del Consejo Regional de Vida Estudiantil (CONREVE), inauguraron esta ma\u00f1ana el Primer Congresillo Pre-FICCUA 2026, en las instalaciones de la Universidad Nacional Aut\u00f3noma &hellip; <a href=\"https:\/\/csuca.org\/en\/primer-congresillo-pre-ficcua-2026\/\" class=\"more-link\">Continue reading<span class=\"screen-reader-text\"> &#8220;Primer Congresillo Pre-FICCUA 2026&#8221;<\/span><\/a><\/p>","protected":false},"author":4,"featured_media":10116,"comment_status":"closed","ping_status":"open","sticky":false,"template":"","format":"standard","meta":{"footnotes":""},"categories":[1],"tags":[],"class_list":["post-10115","post","type-post","status-publish","format-standard","has-post-thumbnail","hentry","category-noticias"],"yoast_head":"<!-- This site is optimized with the Yoast SEO plugin v28.1 - https:\/\/yoast.com\/product\/yoast-seo-wordpress\/ -->\n<title>Primer Congresillo Pre-FICCUA 2026 -<\/title>\n<meta name=\"robots\" content=\"index, follow, max-snippet:-1, max-image-preview:large, max-video-preview:-1\" \/>\n<link rel=\"canonical\" href=\"https:\/\/csuca.org\/en\/primer-congresillo-pre-ficcua-2026\/\" \/>\n<meta property=\"og:locale\" content=\"en_US\" \/>\n<meta property=\"og:type\" content=\"article\" \/>\n<meta property=\"og:title\" content=\"Primer Congresillo Pre-FICCUA 2026 -\" \/>\n<meta property=\"og:description\" content=\"Tegucigalpa, Honduras, 7 de octubre de 2025 Con el prop\u00f3sito de fortalecer la identidad cultural y art\u00edstica de los pueblos centroamericanos y del Caribe, el Consejo Superior Universitario Centroamericano (CSUCA), a trav\u00e9s del Consejo Regional de Vida Estudiantil (CONREVE), inauguraron esta ma\u00f1ana el Primer Congresillo Pre-FICCUA 2026, en las instalaciones de la Universidad Nacional Aut\u00f3noma &hellip; Continue reading &quot;Primer Congresillo Pre-FICCUA 2026&quot;\" \/>\n<meta property=\"og:url\" content=\"https:\/\/csuca.org\/en\/primer-congresillo-pre-ficcua-2026\/\" \/>\n<meta property=\"article:publisher\" content=\"https:\/\/www.facebook.com\/csuca\" \/>\n<meta property=\"article:published_time\" content=\"2025-10-07T17:43:53+00:00\" \/>\n<meta property=\"article:modified_time\" content=\"2025-10-07T17:46:31+00:00\" \/>\n<meta property=\"og:image\" content=\"https:\/\/csuca.org\/wp-content\/uploads\/2025\/10\/WhatsApp-Image-2025-10-07-at-11.37.17-AM.jpeg\" \/>\n\t<meta property=\"og:image:width\" content=\"2560\" \/>\n\t<meta property=\"og:image:height\" content=\"1706\" \/>\n\t<meta property=\"og:image:type\" content=\"image\/jpeg\" \/>\n<meta name=\"author\" content=\"SG CSUCA\" \/>\n<meta name=\"twitter:card\" content=\"summary_large_image\" \/>\n<meta name=\"twitter:creator\" content=\"@sgcsuca\" \/>\n<meta name=\"twitter:site\" content=\"@sgcsuca\" \/>\n<meta name=\"twitter:label1\" content=\"Written by\" \/>\n\t<meta name=\"twitter:data1\" content=\"SG CSUCA\" \/>\n\t<meta name=\"twitter:label2\" content=\"Est. reading time\" \/>\n\t<meta name=\"twitter:data2\" content=\"2 minutes\" \/>\n<script type=\"application\/ld+json\" class=\"yoast-schema-graph\">{\"@context\":\"https:\\\/\\\/schema.org\",\"@graph\":[{\"@type\":\"Article\",\"@id\":\"https:\\\/\\\/csuca.org\\\/primer-congresillo-pre-ficcua-2026\\\/#article\",\"isPartOf\":{\"@id\":\"https:\\\/\\\/csuca.org\\\/primer-congresillo-pre-ficcua-2026\\\/\"},\"author\":{\"name\":\"SG CSUCA\",\"@id\":\"https:\\\/\\\/csuca.org\\\/es\\\/#\\\/schema\\\/person\\\/cb800f8d2c47d609da925ef5e21279b9\"},\"headline\":\"Primer Congresillo Pre-FICCUA 2026\",\"datePublished\":\"2025-10-07T17:43:53+00:00\",\"dateModified\":\"2025-10-07T17:46:31+00:00\",\"mainEntityOfPage\":{\"@id\":\"https:\\\/\\\/csuca.org\\\/primer-congresillo-pre-ficcua-2026\\\/\"},\"wordCount\":469,\"publisher\":{\"@id\":\"https:\\\/\\\/csuca.org\\\/es\\\/#organization\"},\"image\":{\"@id\":\"https:\\\/\\\/csuca.org\\\/primer-congresillo-pre-ficcua-2026\\\/#primaryimage\"},\"thumbnailUrl\":\"https:\\\/\\\/csuca.org\\\/wp-content\\\/uploads\\\/2025\\\/10\\\/WhatsApp-Image-2025-10-07-at-11.37.17-AM.jpeg\",\"articleSection\":[\"Noticias\"],\"inLanguage\":\"en-US\"},{\"@type\":\"WebPage\",\"@id\":\"https:\\\/\\\/csuca.org\\\/primer-congresillo-pre-ficcua-2026\\\/\",\"url\":\"https:\\\/\\\/csuca.org\\\/primer-congresillo-pre-ficcua-2026\\\/\",\"name\":\"Primer Congresillo Pre-FICCUA 2026 -\",\"isPartOf\":{\"@id\":\"https:\\\/\\\/csuca.org\\\/es\\\/#website\"},\"primaryImageOfPage\":{\"@id\":\"https:\\\/\\\/csuca.org\\\/primer-congresillo-pre-ficcua-2026\\\/#primaryimage\"},\"image\":{\"@id\":\"https:\\\/\\\/csuca.org\\\/primer-congresillo-pre-ficcua-2026\\\/#primaryimage\"},\"thumbnailUrl\":\"https:\\\/\\\/csuca.org\\\/wp-content\\\/uploads\\\/2025\\\/10\\\/WhatsApp-Image-2025-10-07-at-11.37.17-AM.jpeg\",\"datePublished\":\"2025-10-07T17:43:53+00:00\",\"dateModified\":\"2025-10-07T17:46:31+00:00\",\"breadcrumb\":{\"@id\":\"https:\\\/\\\/csuca.org\\\/primer-congresillo-pre-ficcua-2026\\\/#breadcrumb\"},\"inLanguage\":\"en-US\",\"potentialAction\":[{\"@type\":\"ReadAction\",\"target\":[\"https:\\\/\\\/csuca.org\\\/primer-congresillo-pre-ficcua-2026\\\/\"]}]},{\"@type\":\"ImageObject\",\"inLanguage\":\"en-US\",\"@id\":\"https:\\\/\\\/csuca.org\\\/primer-congresillo-pre-ficcua-2026\\\/#primaryimage\",\"url\":\"https:\\\/\\\/csuca.org\\\/wp-content\\\/uploads\\\/2025\\\/10\\\/WhatsApp-Image-2025-10-07-at-11.37.17-AM.jpeg\",\"contentUrl\":\"https:\\\/\\\/csuca.org\\\/wp-content\\\/uploads\\\/2025\\\/10\\\/WhatsApp-Image-2025-10-07-at-11.37.17-AM.jpeg\",\"width\":2560,\"height\":1706},{\"@type\":\"BreadcrumbList\",\"@id\":\"https:\\\/\\\/csuca.org\\\/primer-congresillo-pre-ficcua-2026\\\/#breadcrumb\",\"itemListElement\":[{\"@type\":\"ListItem\",\"position\":1,\"name\":\"Home\",\"item\":\"https:\\\/\\\/csuca.org\\\/\"},{\"@type\":\"ListItem\",\"position\":2,\"name\":\"Primer Congresillo Pre-FICCUA 2026\"}]},{\"@type\":\"WebSite\",\"@id\":\"https:\\\/\\\/csuca.org\\\/es\\\/#website\",\"url\":\"https:\\\/\\\/csuca.org\\\/es\\\/\",\"name\":\"https:\\\/\\\/csuca.org\\\/es\\\/\",\"description\":\"CSUCA\",\"publisher\":{\"@id\":\"https:\\\/\\\/csuca.org\\\/es\\\/#organization\"},\"potentialAction\":[{\"@type\":\"SearchAction\",\"target\":{\"@type\":\"EntryPoint\",\"urlTemplate\":\"https:\\\/\\\/csuca.org\\\/es\\\/?s={search_term_string}\"},\"query-input\":{\"@type\":\"PropertyValueSpecification\",\"valueRequired\":true,\"valueName\":\"search_term_string\"}}],\"inLanguage\":\"en-US\"},{\"@type\":\"Organization\",\"@id\":\"https:\\\/\\\/csuca.org\\\/es\\\/#organization\",\"name\":\"Consejo Superior Universitario Centroam\u00e9ricano\",\"url\":\"https:\\\/\\\/csuca.org\\\/es\\\/\",\"logo\":{\"@type\":\"ImageObject\",\"inLanguage\":\"en-US\",\"@id\":\"https:\\\/\\\/csuca.org\\\/es\\\/#\\\/schema\\\/logo\\\/image\\\/\",\"url\":\"https:\\\/\\\/csuca.org\\\/wp-content\\\/uploads\\\/2024\\\/06\\\/cropped-LOGO-SGCSUCA-WEB-1.png\",\"contentUrl\":\"https:\\\/\\\/csuca.org\\\/wp-content\\\/uploads\\\/2024\\\/06\\\/cropped-LOGO-SGCSUCA-WEB-1.png\",\"width\":250,\"height\":89,\"caption\":\"Consejo Superior Universitario Centroam\u00e9ricano\"},\"image\":{\"@id\":\"https:\\\/\\\/csuca.org\\\/es\\\/#\\\/schema\\\/logo\\\/image\\\/\"},\"sameAs\":[\"https:\\\/\\\/www.facebook.com\\\/csuca\",\"https:\\\/\\\/x.com\\\/sgcsuca\",\"https:\\\/\\\/www.youtube.com\\\/channel\\\/UCv73Vuad2wI0w9wcYdsSCpg\"]},{\"@type\":\"Person\",\"@id\":\"https:\\\/\\\/csuca.org\\\/es\\\/#\\\/schema\\\/person\\\/cb800f8d2c47d609da925ef5e21279b9\",\"name\":\"SG CSUCA\",\"image\":{\"@type\":\"ImageObject\",\"inLanguage\":\"en-US\",\"@id\":\"https:\\\/\\\/secure.gravatar.com\\\/avatar\\\/7e1f6f6ac7135e20ef964cb227dfa5365e76393d66d43bfc4effac4f0dbe3b1a?s=96&d=mm&r=g\",\"url\":\"https:\\\/\\\/secure.gravatar.com\\\/avatar\\\/7e1f6f6ac7135e20ef964cb227dfa5365e76393d66d43bfc4effac4f0dbe3b1a?s=96&d=mm&r=g\",\"contentUrl\":\"https:\\\/\\\/secure.gravatar.com\\\/avatar\\\/7e1f6f6ac7135e20ef964cb227dfa5365e76393d66d43bfc4effac4f0dbe3b1a?s=96&d=mm&r=g\",\"caption\":\"SG CSUCA\"},\"url\":\"https:\\\/\\\/csuca.org\\\/en\\\/author\\\/mario\\\/\"}]}<\/script>\n<!-- \/ Yoast SEO plugin. -->","yoast_head_json":{"title":"Primer Congresillo Pre-FICCUA 2026 -","robots":{"index":"index","follow":"follow","max-snippet":"max-snippet:-1","max-image-preview":"max-image-preview:large","max-video-preview":"max-video-preview:-1"},"canonical":"https:\/\/csuca.org\/en\/primer-congresillo-pre-ficcua-2026\/","og_locale":"en_US","og_type":"article","og_title":"Primer Congresillo Pre-FICCUA 2026 -","og_description":"Tegucigalpa, Honduras, 7 de octubre de 2025 Con el prop\u00f3sito de fortalecer la identidad cultural y art\u00edstica de los pueblos centroamericanos y del Caribe, el Consejo Superior Universitario Centroamericano (CSUCA), a trav\u00e9s del Consejo Regional de Vida Estudiantil (CONREVE), inauguraron esta ma\u00f1ana el Primer Congresillo Pre-FICCUA 2026, en las instalaciones de la Universidad Nacional Aut\u00f3noma &hellip; Continue reading \"Primer Congresillo Pre-FICCUA 2026\"","og_url":"https:\/\/csuca.org\/en\/primer-congresillo-pre-ficcua-2026\/","article_publisher":"https:\/\/www.facebook.com\/csuca","article_published_time":"2025-10-07T17:43:53+00:00","article_modified_time":"2025-10-07T17:46:31+00:00","og_image":[{"width":2560,"height":1706,"url":"https:\/\/csuca.org\/wp-content\/uploads\/2025\/10\/WhatsApp-Image-2025-10-07-at-11.37.17-AM.jpeg","type":"image\/jpeg"}],"author":"SG CSUCA","twitter_card":"summary_large_image","twitter_creator":"@sgcsuca","twitter_site":"@sgcsuca","twitter_misc":{"Written by":"SG CSUCA","Est. reading time":"2 minutes"},"schema":{"@context":"https:\/\/schema.org","@graph":[{"@type":"Article","@id":"https:\/\/csuca.org\/primer-congresillo-pre-ficcua-2026\/#article","isPartOf":{"@id":"https:\/\/csuca.org\/primer-congresillo-pre-ficcua-2026\/"},"author":{"name":"SG CSUCA","@id":"https:\/\/csuca.org\/es\/#\/schema\/person\/cb800f8d2c47d609da925ef5e21279b9"},"headline":"Primer Congresillo Pre-FICCUA 2026","datePublished":"2025-10-07T17:43:53+00:00","dateModified":"2025-10-07T17:46:31+00:00","mainEntityOfPage":{"@id":"https:\/\/csuca.org\/primer-congresillo-pre-ficcua-2026\/"},"wordCount":469,"publisher":{"@id":"https:\/\/csuca.org\/es\/#organization"},"image":{"@id":"https:\/\/csuca.org\/primer-congresillo-pre-ficcua-2026\/#primaryimage"},"thumbnailUrl":"https:\/\/csuca.org\/wp-content\/uploads\/2025\/10\/WhatsApp-Image-2025-10-07-at-11.37.17-AM.jpeg","articleSection":["Noticias"],"inLanguage":"en-US"},{"@type":"WebPage","@id":"https:\/\/csuca.org\/primer-congresillo-pre-ficcua-2026\/","url":"https:\/\/csuca.org\/primer-congresillo-pre-ficcua-2026\/","name":"Primer Congresillo Pre-FICCUA 2026 -","isPartOf":{"@id":"https:\/\/csuca.org\/es\/#website"},"primaryImageOfPage":{"@id":"https:\/\/csuca.org\/primer-congresillo-pre-ficcua-2026\/#primaryimage"},"image":{"@id":"https:\/\/csuca.org\/primer-congresillo-pre-ficcua-2026\/#primaryimage"},"thumbnailUrl":"https:\/\/csuca.org\/wp-content\/uploads\/2025\/10\/WhatsApp-Image-2025-10-07-at-11.37.17-AM.jpeg","datePublished":"2025-10-07T17:43:53+00:00","dateModified":"2025-10-07T17:46:31+00:00","breadcrumb":{"@id":"https:\/\/csuca.org\/primer-congresillo-pre-ficcua-2026\/#breadcrumb"},"inLanguage":"en-US","potentialAction":[{"@type":"ReadAction","target":["https:\/\/csuca.org\/primer-congresillo-pre-ficcua-2026\/"]}]},{"@type":"ImageObject","inLanguage":"en-US","@id":"https:\/\/csuca.org\/primer-congresillo-pre-ficcua-2026\/#primaryimage","url":"https:\/\/csuca.org\/wp-content\/uploads\/2025\/10\/WhatsApp-Image-2025-10-07-at-11.37.17-AM.jpeg","contentUrl":"https:\/\/csuca.org\/wp-content\/uploads\/2025\/10\/WhatsApp-Image-2025-10-07-at-11.37.17-AM.jpeg","width":2560,"height":1706},{"@type":"BreadcrumbList","@id":"https:\/\/csuca.org\/primer-congresillo-pre-ficcua-2026\/#breadcrumb","itemListElement":[{"@type":"ListItem","position":1,"name":"Home","item":"https:\/\/csuca.org\/"},{"@type":"ListItem","position":2,"name":"Primer Congresillo Pre-FICCUA 2026"}]},{"@type":"WebSite","@id":"https:\/\/csuca.org\/es\/#website","url":"https:\/\/csuca.org\/es\/","name":"https:\/\/csuca.org\/es\/","description":"CSUCA","publisher":{"@id":"https:\/\/csuca.org\/es\/#organization"},"potentialAction":[{"@type":"SearchAction","target":{"@type":"EntryPoint","urlTemplate":"https:\/\/csuca.org\/es\/?s={search_term_string}"},"query-input":{"@type":"PropertyValueSpecification","valueRequired":true,"valueName":"search_term_string"}}],"inLanguage":"en-US"},{"@type":"Organization","@id":"https:\/\/csuca.org\/es\/#organization","name":"Central American Higher University Council","url":"https:\/\/csuca.org\/es\/","logo":{"@type":"ImageObject","inLanguage":"en-US","@id":"https:\/\/csuca.org\/es\/#\/schema\/logo\/image\/","url":"https:\/\/csuca.org\/wp-content\/uploads\/2024\/06\/cropped-LOGO-SGCSUCA-WEB-1.png","contentUrl":"https:\/\/csuca.org\/wp-content\/uploads\/2024\/06\/cropped-LOGO-SGCSUCA-WEB-1.png","width":250,"height":89,"caption":"Consejo Superior Universitario Centroam\u00e9ricano"},"image":{"@id":"https:\/\/csuca.org\/es\/#\/schema\/logo\/image\/"},"sameAs":["https:\/\/www.facebook.com\/csuca","https:\/\/x.com\/sgcsuca","https:\/\/www.youtube.com\/channel\/UCv73Vuad2wI0w9wcYdsSCpg"]},{"@type":"Person","@id":"https:\/\/csuca.org\/es\/#\/schema\/person\/cb800f8d2c47d609da925ef5e21279b9","name":"SG CSUCA","image":{"@type":"ImageObject","inLanguage":"en-US","@id":"https:\/\/secure.gravatar.com\/avatar\/7e1f6f6ac7135e20ef964cb227dfa5365e76393d66d43bfc4effac4f0dbe3b1a?s=96&d=mm&r=g","url":"https:\/\/secure.gravatar.com\/avatar\/7e1f6f6ac7135e20ef964cb227dfa5365e76393d66d43bfc4effac4f0dbe3b1a?s=96&d=mm&r=g","contentUrl":"https:\/\/secure.gravatar.com\/avatar\/7e1f6f6ac7135e20ef964cb227dfa5365e76393d66d43bfc4effac4f0dbe3b1a?s=96&d=mm&r=g","caption":"SG CSUCA"},"url":"https:\/\/csuca.org\/en\/author\/mario\/"}]}},"_links":{"self":[{"href":"https:\/\/csuca.org\/en\/wp-json\/wp\/v2\/posts\/10115","targetHints":{"allow":["GET"]}}],"collection":[{"href":"https:\/\/csuca.org\/en\/wp-json\/wp\/v2\/posts"}],"about":[{"href":"https:\/\/csuca.org\/en\/wp-json\/wp\/v2\/types\/post"}],"author":[{"embeddable":true,"href":"https:\/\/csuca.org\/en\/wp-json\/wp\/v2\/users\/4"}],"replies":[{"embeddable":true,"href":"https:\/\/csuca.org\/en\/wp-json\/wp\/v2\/comments?post=10115"}],"version-history":[{"count":4,"href":"https:\/\/csuca.org\/en\/wp-json\/wp\/v2\/posts\/10115\/revisions"}],"predecessor-version":[{"id":10126,"href":"https:\/\/csuca.org\/en\/wp-json\/wp\/v2\/posts\/10115\/revisions\/10126"}],"wp:featuredmedia":[{"embeddable":true,"href":"https:\/\/csuca.org\/en\/wp-json\/wp\/v2\/media\/10116"}],"wp:attachment":[{"href":"https:\/\/csuca.org\/en\/wp-json\/wp\/v2\/media?parent=10115"}],"wp:term":[{"taxonomy":"category","embeddable":true,"href":"https:\/\/csuca.org\/en\/wp-json\/wp\/v2\/categories?post=10115"},{"taxonomy":"post_tag","embeddable":true,"href":"https:\/\/csuca.org\/en\/wp-json\/wp\/v2\/tags?post=10115"}],"curies":[{"name":"wp","href":"https:\/\/api.w.org\/{rel}","templated":true}]}}