{"id":10127,"date":"2025-10-08T14:11:34","date_gmt":"2025-10-08T20:11:34","guid":{"rendered":"https:\/\/csuca.org\/?p=10127"},"modified":"2025-10-08T14:14:33","modified_gmt":"2025-10-08T20:14:33","slug":"inicia-el-vii-encuentro-bienal-centroamericano-y-del-caribe-de-investigacion-y-posgrado","status":"publish","type":"post","link":"https:\/\/csuca.org\/en\/inicia-el-vii-encuentro-bienal-centroamericano-y-del-caribe-de-investigacion-y-posgrado\/","title":{"rendered":"The 7th Biennial Meeting of Central American and Caribbean Research and Graduate Studies begins"},"content":{"rendered":"<div data-elementor-type=\"wp-post\" data-elementor-id=\"10127\" class=\"elementor elementor-10127\">\n\t\t\t\t\t\t<section class=\"elementor-section elementor-top-section elementor-element elementor-element-666550c elementor-section-boxed elementor-section-height-default elementor-section-height-default\" data-id=\"666550c\" data-element_type=\"section\" data-e-type=\"section\">\n\t\t\t\t\t\t<div class=\"elementor-container elementor-column-gap-default\">\n\t\t\t\t\t<div class=\"elementor-column elementor-col-100 elementor-top-column elementor-element elementor-element-8764ae1\" data-id=\"8764ae1\" data-element_type=\"column\" data-e-type=\"column\">\n\t\t\t<div class=\"elementor-widget-wrap elementor-element-populated\">\n\t\t\t\t\t\t<div class=\"elementor-element elementor-element-2f506fa elementor-widget elementor-widget-text-editor\" data-id=\"2f506fa\" data-element_type=\"widget\" data-e-type=\"widget\" data-widget_type=\"text-editor.default\">\n\t\t\t\t<div class=\"elementor-widget-container\">\n\t\t\t\t\t\t\t\t\t<p style=\"text-align: right;\">Antigua Guatemala, October 8, 2025<\/p><p><br \/>With the representation of 17 public universities from Central America and the Caribbean, the VII Central American and Caribbean Biennial Meeting of Research and Postgraduate Studies began this Wednesday, a space that seeks to strengthen regional scientific cooperation and promote joint responses to the challenges of climate change, sustainability and social justice.<\/p><p>In their opening remarks, the authorities highlighted the need to strengthen regional scientific capabilities and to foster university cooperation that transcends borders, promoting science as an engine of social and environmental transformation.<\/p><p>Starting with Dr. Carlos Sierra, general coordinator of the USAC Postgraduate Studies System, who highlighted \u201c<em>Today we particularly celebrate the indivisible union of research and postgraduate studies, which we will be able to strengthen over these three days by building a shared vision.\u201d.<\/em><\/p><p>Meanwhile, Dr. Alice Burgos, Director of Research at USAC and President of the Central American and Caribbean Regional System of Research and Postgraduate Studies (SIRCIP), pointed out \u201c<em>Each presentation, each thematic panel, and each exchange generated here will be the result of institutional processes that have required planning, technical support, capacity building, and above all, a willingness to collaborate.<\/em>\u201d&quot;Also mentioning the satisfaction of having organized said event.&quot;.<\/p><p>For his part, MSc. Carlos Alvarado Cerezo, Secretary General of CSUCA, stated \u201c<em>This meeting seeks to foster an inter-, multi- and transdisciplinary dialogue among researchers, teachers and postgraduate students, in order to strengthen and disseminate the processes and products of research on topics that are priorities for our societies.\u201d.<\/em><\/p><p>And to inaugurate the VII Biennial, MA Walter Mazariegos Biolis, Rector of USAC and President of CSUCA, expressed \u201c<em>When knowledge is shared, borders disappear. With that spirit, I extend a warm welcome to the seventh Central American and Caribbean Biennial Meeting on Research and Postgraduate Studies, a celebration of thought, collaboration, and scientific hope in our region.<\/em>\u201d.<\/p><p>The VII Central American and Caribbean Biennial Meeting on Research and Postgraduate Studies is one of the actions organized by SIRCIP, taking place this time in a hybrid format, preserving in-person participation, from October 8 to 10 under the theme <em>\u201cChallenges and opportunities for universities in the face of climate change scenarios and risks\u201d<\/em>.<\/p><p>Its agenda combines thematic panels, workshops, keynote lectures and the presentation of more than 100 research projects, covering topics ranging from climate adaptation, health, technology and human rights, to digital education and territorial equity.<\/p><p>The VII Biennial Meeting aims to consolidate itself as a regional platform for advanced training, innovation and applied research.<br \/>According to CSUCA, the results of this event will serve as a basis for promoting public policies on sustainability, risk management, health and education, coordinated from universities.<\/p><p>\u00a0<\/p>\t\t\t\t\t\t\t\t<\/div>\n\t\t\t\t<\/div>\n\t\t\t\t<div class=\"elementor-element elementor-element-98cb582 elementor-widget elementor-widget-image-gallery\" data-id=\"98cb582\" data-element_type=\"widget\" data-e-type=\"widget\" data-widget_type=\"image-gallery.default\">\n\t\t\t\t<div class=\"elementor-widget-container\">\n\t\t\t\t\t\t\t<div class=\"elementor-image-gallery\">\n\t\t\t<div id='gallery-1' class='gallery galleryid-10127 gallery-columns-3 gallery-size-thumbnail'><figure class='gallery-item'>\n\t\t\t<div class='gallery-icon landscape'>\n\t\t\t\t<a data-elementor-open-lightbox=\"yes\" data-elementor-lightbox-slideshow=\"98cb582\" data-e-action-hash=\"#elementor-action%3Aaction%3Dlightbox%26settings%3DeyJpZCI6MTAxMzEsInVybCI6Imh0dHBzOlwvXC9jc3VjYS5vcmdcL3dwLWNvbnRlbnRcL3VwbG9hZHNcLzIwMjVcLzEwXC9XaGF0c0FwcC1JbWFnZS0yMDI1LTEwLTA4LWF0LTEuNTEuMDAtUE0uanBlZyIsInNsaWRlc2hvdyI6Ijk4Y2I1ODIifQ%3D%3D\" href='https:\/\/csuca.org\/wp-content\/uploads\/2025\/10\/WhatsApp-Image-2025-10-08-at-1.51.00-PM.jpeg'><img fetchpriority=\"high\" decoding=\"async\" width=\"750\" height=\"750\" src=\"https:\/\/csuca.org\/wp-content\/uploads\/2025\/10\/WhatsApp-Image-2025-10-08-at-1.51.00-PM-750x750.jpeg\" class=\"attachment-thumbnail size-thumbnail\" alt=\"\" \/><\/a>\n\t\t\t<\/div><\/figure><figure class='gallery-item'>\n\t\t\t<div class='gallery-icon landscape'>\n\t\t\t\t<a data-elementor-open-lightbox=\"yes\" data-elementor-lightbox-slideshow=\"98cb582\" data-e-action-hash=\"#elementor-action%3Aaction%3Dlightbox%26settings%3DeyJpZCI6MTAxMzAsInVybCI6Imh0dHBzOlwvXC9jc3VjYS5vcmdcL3dwLWNvbnRlbnRcL3VwbG9hZHNcLzIwMjVcLzEwXC9XaGF0c0FwcC1JbWFnZS0yMDI1LTEwLTA4LWF0LTEuNTEuNTctUE0uanBlZyIsInNsaWRlc2hvdyI6Ijk4Y2I1ODIifQ%3D%3D\" href='https:\/\/csuca.org\/wp-content\/uploads\/2025\/10\/WhatsApp-Image-2025-10-08-at-1.51.57-PM.jpeg'><img decoding=\"async\" width=\"750\" height=\"750\" src=\"https:\/\/csuca.org\/wp-content\/uploads\/2025\/10\/WhatsApp-Image-2025-10-08-at-1.51.57-PM-750x750.jpeg\" class=\"attachment-thumbnail size-thumbnail\" alt=\"\" \/><\/a>\n\t\t\t<\/div><\/figure><figure class='gallery-item'>\n\t\t\t<div class='gallery-icon landscape'>\n\t\t\t\t<a data-elementor-open-lightbox=\"yes\" data-elementor-lightbox-slideshow=\"98cb582\" data-e-action-hash=\"#elementor-action%3Aaction%3Dlightbox%26settings%3DeyJpZCI6MTAxMjksInVybCI6Imh0dHBzOlwvXC9jc3VjYS5vcmdcL3dwLWNvbnRlbnRcL3VwbG9hZHNcLzIwMjVcLzEwXC9XaGF0c0FwcC1JbWFnZS0yMDI1LTEwLTA4LWF0LTEuNTIuNDctUE0uanBlZyIsInNsaWRlc2hvdyI6Ijk4Y2I1ODIifQ%3D%3D\" href='https:\/\/csuca.org\/wp-content\/uploads\/2025\/10\/WhatsApp-Image-2025-10-08-at-1.52.47-PM.jpeg'><img decoding=\"async\" width=\"750\" height=\"750\" src=\"https:\/\/csuca.org\/wp-content\/uploads\/2025\/10\/WhatsApp-Image-2025-10-08-at-1.52.47-PM-750x750.jpeg\" class=\"attachment-thumbnail size-thumbnail\" alt=\"\" \/><\/a>\n\t\t\t<\/div><\/figure>\n\t\t<\/div>\n\t\t<\/div>\n\t\t\t\t\t\t<\/div>\n\t\t\t\t<\/div>\n\t\t\t\t\t<\/div>\n\t\t<\/div>\n\t\t\t\t\t<\/div>\n\t\t<\/section>\n\t\t\t\t<\/div>","protected":false},"excerpt":{"rendered":"<p>La Antigua Guatemala, 8 de octubre de 2025 Con la representaci\u00f3n de 17 universidades p\u00fablicas de Centroam\u00e9rica y el Caribe, este mi\u00e9rcoles dio inicio el VII Encuentro Bienal Centroamericano y del Caribe de Investigaci\u00f3n y Posgrado, un espacio que busca fortalecer la cooperaci\u00f3n cient\u00edfica regional y promover respuestas conjuntas ante los desaf\u00edos del cambio clim\u00e1tico, &hellip; <a href=\"https:\/\/csuca.org\/en\/inicia-el-vii-encuentro-bienal-centroamericano-y-del-caribe-de-investigacion-y-posgrado\/\" class=\"more-link\">Continue reading<span class=\"screen-reader-text\"> &#8220;Inicia el VII Encuentro Bienal Centroamericano y del Caribe de Investigaci\u00f3n y Posgrado&#8221;<\/span><\/a><\/p>","protected":false},"author":4,"featured_media":10128,"comment_status":"closed","ping_status":"open","sticky":false,"template":"","format":"standard","meta":{"footnotes":""},"categories":[1],"tags":[],"class_list":["post-10127","post","type-post","status-publish","format-standard","has-post-thumbnail","hentry","category-noticias"],"yoast_head":"<!-- This site is optimized with the Yoast SEO plugin v28.1 - https:\/\/yoast.com\/product\/yoast-seo-wordpress\/ -->\n<title>Inicia el VII Encuentro Bienal Centroamericano y del Caribe de Investigaci\u00f3n y Posgrado -<\/title>\n<meta name=\"robots\" content=\"index, follow, max-snippet:-1, max-image-preview:large, max-video-preview:-1\" \/>\n<link rel=\"canonical\" href=\"https:\/\/csuca.org\/en\/inicia-el-vii-encuentro-bienal-centroamericano-y-del-caribe-de-investigacion-y-posgrado\/\" \/>\n<meta property=\"og:locale\" content=\"en_US\" \/>\n<meta property=\"og:type\" content=\"article\" \/>\n<meta property=\"og:title\" content=\"Inicia el VII Encuentro Bienal Centroamericano y del Caribe de Investigaci\u00f3n y Posgrado -\" \/>\n<meta property=\"og:description\" content=\"La Antigua Guatemala, 8 de octubre de 2025 Con la representaci\u00f3n de 17 universidades p\u00fablicas de Centroam\u00e9rica y el Caribe, este mi\u00e9rcoles dio inicio el VII Encuentro Bienal Centroamericano y del Caribe de Investigaci\u00f3n y Posgrado, un espacio que busca fortalecer la cooperaci\u00f3n cient\u00edfica regional y promover respuestas conjuntas ante los desaf\u00edos del cambio clim\u00e1tico, &hellip; Continue reading &quot;Inicia el VII Encuentro Bienal Centroamericano y del Caribe de Investigaci\u00f3n y Posgrado&quot;\" \/>\n<meta property=\"og:url\" content=\"https:\/\/csuca.org\/en\/inicia-el-vii-encuentro-bienal-centroamericano-y-del-caribe-de-investigacion-y-posgrado\/\" \/>\n<meta property=\"article:publisher\" content=\"https:\/\/www.facebook.com\/csuca\" \/>\n<meta property=\"article:published_time\" content=\"2025-10-08T20:11:34+00:00\" \/>\n<meta property=\"article:modified_time\" content=\"2025-10-08T20:14:33+00:00\" \/>\n<meta property=\"og:image\" content=\"https:\/\/csuca.org\/wp-content\/uploads\/2025\/10\/WhatsApp-Image-2025-10-08-at-1.53.59-PM.jpeg\" \/>\n\t<meta property=\"og:image:width\" content=\"1600\" \/>\n\t<meta property=\"og:image:height\" content=\"900\" \/>\n\t<meta property=\"og:image:type\" content=\"image\/jpeg\" \/>\n<meta name=\"author\" content=\"SG CSUCA\" \/>\n<meta name=\"twitter:card\" content=\"summary_large_image\" \/>\n<meta name=\"twitter:creator\" content=\"@sgcsuca\" \/>\n<meta name=\"twitter:site\" content=\"@sgcsuca\" \/>\n<meta name=\"twitter:label1\" content=\"Written by\" \/>\n\t<meta name=\"twitter:data1\" content=\"SG CSUCA\" \/>\n\t<meta name=\"twitter:label2\" content=\"Est. reading time\" \/>\n\t<meta name=\"twitter:data2\" content=\"3 minutes\" \/>\n<script type=\"application\/ld+json\" class=\"yoast-schema-graph\">{\"@context\":\"https:\\\/\\\/schema.org\",\"@graph\":[{\"@type\":\"Article\",\"@id\":\"https:\\\/\\\/csuca.org\\\/es\\\/inicia-el-vii-encuentro-bienal-centroamericano-y-del-caribe-de-investigacion-y-posgrado\\\/#article\",\"isPartOf\":{\"@id\":\"https:\\\/\\\/csuca.org\\\/es\\\/inicia-el-vii-encuentro-bienal-centroamericano-y-del-caribe-de-investigacion-y-posgrado\\\/\"},\"author\":{\"name\":\"SG CSUCA\",\"@id\":\"https:\\\/\\\/csuca.org\\\/es\\\/#\\\/schema\\\/person\\\/cb800f8d2c47d609da925ef5e21279b9\"},\"headline\":\"Inicia el VII Encuentro Bienal Centroamericano y del Caribe de Investigaci\u00f3n y Posgrado\",\"datePublished\":\"2025-10-08T20:11:34+00:00\",\"dateModified\":\"2025-10-08T20:14:33+00:00\",\"mainEntityOfPage\":{\"@id\":\"https:\\\/\\\/csuca.org\\\/es\\\/inicia-el-vii-encuentro-bienal-centroamericano-y-del-caribe-de-investigacion-y-posgrado\\\/\"},\"wordCount\":539,\"publisher\":{\"@id\":\"https:\\\/\\\/csuca.org\\\/es\\\/#organization\"},\"image\":{\"@id\":\"https:\\\/\\\/csuca.org\\\/es\\\/inicia-el-vii-encuentro-bienal-centroamericano-y-del-caribe-de-investigacion-y-posgrado\\\/#primaryimage\"},\"thumbnailUrl\":\"https:\\\/\\\/csuca.org\\\/wp-content\\\/uploads\\\/2025\\\/10\\\/WhatsApp-Image-2025-10-08-at-1.53.59-PM.jpeg\",\"articleSection\":[\"Noticias\"],\"inLanguage\":\"en-US\"},{\"@type\":\"WebPage\",\"@id\":\"https:\\\/\\\/csuca.org\\\/es\\\/inicia-el-vii-encuentro-bienal-centroamericano-y-del-caribe-de-investigacion-y-posgrado\\\/\",\"url\":\"https:\\\/\\\/csuca.org\\\/es\\\/inicia-el-vii-encuentro-bienal-centroamericano-y-del-caribe-de-investigacion-y-posgrado\\\/\",\"name\":\"Inicia el VII Encuentro Bienal Centroamericano y del Caribe de Investigaci\u00f3n y Posgrado -\",\"isPartOf\":{\"@id\":\"https:\\\/\\\/csuca.org\\\/es\\\/#website\"},\"primaryImageOfPage\":{\"@id\":\"https:\\\/\\\/csuca.org\\\/es\\\/inicia-el-vii-encuentro-bienal-centroamericano-y-del-caribe-de-investigacion-y-posgrado\\\/#primaryimage\"},\"image\":{\"@id\":\"https:\\\/\\\/csuca.org\\\/es\\\/inicia-el-vii-encuentro-bienal-centroamericano-y-del-caribe-de-investigacion-y-posgrado\\\/#primaryimage\"},\"thumbnailUrl\":\"https:\\\/\\\/csuca.org\\\/wp-content\\\/uploads\\\/2025\\\/10\\\/WhatsApp-Image-2025-10-08-at-1.53.59-PM.jpeg\",\"datePublished\":\"2025-10-08T20:11:34+00:00\",\"dateModified\":\"2025-10-08T20:14:33+00:00\",\"breadcrumb\":{\"@id\":\"https:\\\/\\\/csuca.org\\\/es\\\/inicia-el-vii-encuentro-bienal-centroamericano-y-del-caribe-de-investigacion-y-posgrado\\\/#breadcrumb\"},\"inLanguage\":\"en-US\",\"potentialAction\":[{\"@type\":\"ReadAction\",\"target\":[\"https:\\\/\\\/csuca.org\\\/es\\\/inicia-el-vii-encuentro-bienal-centroamericano-y-del-caribe-de-investigacion-y-posgrado\\\/\"]}]},{\"@type\":\"ImageObject\",\"inLanguage\":\"en-US\",\"@id\":\"https:\\\/\\\/csuca.org\\\/es\\\/inicia-el-vii-encuentro-bienal-centroamericano-y-del-caribe-de-investigacion-y-posgrado\\\/#primaryimage\",\"url\":\"https:\\\/\\\/csuca.org\\\/wp-content\\\/uploads\\\/2025\\\/10\\\/WhatsApp-Image-2025-10-08-at-1.53.59-PM.jpeg\",\"contentUrl\":\"https:\\\/\\\/csuca.org\\\/wp-content\\\/uploads\\\/2025\\\/10\\\/WhatsApp-Image-2025-10-08-at-1.53.59-PM.jpeg\",\"width\":1600,\"height\":900},{\"@type\":\"BreadcrumbList\",\"@id\":\"https:\\\/\\\/csuca.org\\\/es\\\/inicia-el-vii-encuentro-bienal-centroamericano-y-del-caribe-de-investigacion-y-posgrado\\\/#breadcrumb\",\"itemListElement\":[{\"@type\":\"ListItem\",\"position\":1,\"name\":\"Home\",\"item\":\"https:\\\/\\\/csuca.org\\\/\"},{\"@type\":\"ListItem\",\"position\":2,\"name\":\"Inicia el VII Encuentro Bienal Centroamericano y del Caribe de Investigaci\u00f3n y Posgrado\"}]},{\"@type\":\"WebSite\",\"@id\":\"https:\\\/\\\/csuca.org\\\/es\\\/#website\",\"url\":\"https:\\\/\\\/csuca.org\\\/es\\\/\",\"name\":\"https:\\\/\\\/csuca.org\\\/es\\\/\",\"description\":\"CSUCA\",\"publisher\":{\"@id\":\"https:\\\/\\\/csuca.org\\\/es\\\/#organization\"},\"potentialAction\":[{\"@type\":\"SearchAction\",\"target\":{\"@type\":\"EntryPoint\",\"urlTemplate\":\"https:\\\/\\\/csuca.org\\\/es\\\/?s={search_term_string}\"},\"query-input\":{\"@type\":\"PropertyValueSpecification\",\"valueRequired\":true,\"valueName\":\"search_term_string\"}}],\"inLanguage\":\"en-US\"},{\"@type\":\"Organization\",\"@id\":\"https:\\\/\\\/csuca.org\\\/es\\\/#organization\",\"name\":\"Consejo Superior Universitario Centroam\u00e9ricano\",\"url\":\"https:\\\/\\\/csuca.org\\\/es\\\/\",\"logo\":{\"@type\":\"ImageObject\",\"inLanguage\":\"en-US\",\"@id\":\"https:\\\/\\\/csuca.org\\\/es\\\/#\\\/schema\\\/logo\\\/image\\\/\",\"url\":\"https:\\\/\\\/csuca.org\\\/wp-content\\\/uploads\\\/2024\\\/06\\\/cropped-LOGO-SGCSUCA-WEB-1.png\",\"contentUrl\":\"https:\\\/\\\/csuca.org\\\/wp-content\\\/uploads\\\/2024\\\/06\\\/cropped-LOGO-SGCSUCA-WEB-1.png\",\"width\":250,\"height\":89,\"caption\":\"Consejo Superior Universitario Centroam\u00e9ricano\"},\"image\":{\"@id\":\"https:\\\/\\\/csuca.org\\\/es\\\/#\\\/schema\\\/logo\\\/image\\\/\"},\"sameAs\":[\"https:\\\/\\\/www.facebook.com\\\/csuca\",\"https:\\\/\\\/x.com\\\/sgcsuca\",\"https:\\\/\\\/www.youtube.com\\\/channel\\\/UCv73Vuad2wI0w9wcYdsSCpg\"]},{\"@type\":\"Person\",\"@id\":\"https:\\\/\\\/csuca.org\\\/es\\\/#\\\/schema\\\/person\\\/cb800f8d2c47d609da925ef5e21279b9\",\"name\":\"SG CSUCA\",\"image\":{\"@type\":\"ImageObject\",\"inLanguage\":\"en-US\",\"@id\":\"https:\\\/\\\/secure.gravatar.com\\\/avatar\\\/7e1f6f6ac7135e20ef964cb227dfa5365e76393d66d43bfc4effac4f0dbe3b1a?s=96&d=mm&r=g\",\"url\":\"https:\\\/\\\/secure.gravatar.com\\\/avatar\\\/7e1f6f6ac7135e20ef964cb227dfa5365e76393d66d43bfc4effac4f0dbe3b1a?s=96&d=mm&r=g\",\"contentUrl\":\"https:\\\/\\\/secure.gravatar.com\\\/avatar\\\/7e1f6f6ac7135e20ef964cb227dfa5365e76393d66d43bfc4effac4f0dbe3b1a?s=96&d=mm&r=g\",\"caption\":\"SG CSUCA\"},\"url\":\"https:\\\/\\\/csuca.org\\\/en\\\/author\\\/mario\\\/\"}]}<\/script>\n<!-- \/ Yoast SEO plugin. -->","yoast_head_json":{"title":"Inicia el VII Encuentro Bienal Centroamericano y del Caribe de Investigaci\u00f3n y Posgrado -","robots":{"index":"index","follow":"follow","max-snippet":"max-snippet:-1","max-image-preview":"max-image-preview:large","max-video-preview":"max-video-preview:-1"},"canonical":"https:\/\/csuca.org\/en\/inicia-el-vii-encuentro-bienal-centroamericano-y-del-caribe-de-investigacion-y-posgrado\/","og_locale":"en_US","og_type":"article","og_title":"Inicia el VII Encuentro Bienal Centroamericano y del Caribe de Investigaci\u00f3n y Posgrado -","og_description":"La Antigua Guatemala, 8 de octubre de 2025 Con la representaci\u00f3n de 17 universidades p\u00fablicas de Centroam\u00e9rica y el Caribe, este mi\u00e9rcoles dio inicio el VII Encuentro Bienal Centroamericano y del Caribe de Investigaci\u00f3n y Posgrado, un espacio que busca fortalecer la cooperaci\u00f3n cient\u00edfica regional y promover respuestas conjuntas ante los desaf\u00edos del cambio clim\u00e1tico, &hellip; Continue reading \"Inicia el VII Encuentro Bienal Centroamericano y del Caribe de Investigaci\u00f3n y Posgrado\"","og_url":"https:\/\/csuca.org\/en\/inicia-el-vii-encuentro-bienal-centroamericano-y-del-caribe-de-investigacion-y-posgrado\/","article_publisher":"https:\/\/www.facebook.com\/csuca","article_published_time":"2025-10-08T20:11:34+00:00","article_modified_time":"2025-10-08T20:14:33+00:00","og_image":[{"width":1600,"height":900,"url":"https:\/\/csuca.org\/wp-content\/uploads\/2025\/10\/WhatsApp-Image-2025-10-08-at-1.53.59-PM.jpeg","type":"image\/jpeg"}],"author":"SG CSUCA","twitter_card":"summary_large_image","twitter_creator":"@sgcsuca","twitter_site":"@sgcsuca","twitter_misc":{"Written by":"SG CSUCA","Est. reading time":"3 minutes"},"schema":{"@context":"https:\/\/schema.org","@graph":[{"@type":"Article","@id":"https:\/\/csuca.org\/es\/inicia-el-vii-encuentro-bienal-centroamericano-y-del-caribe-de-investigacion-y-posgrado\/#article","isPartOf":{"@id":"https:\/\/csuca.org\/es\/inicia-el-vii-encuentro-bienal-centroamericano-y-del-caribe-de-investigacion-y-posgrado\/"},"author":{"name":"SG CSUCA","@id":"https:\/\/csuca.org\/es\/#\/schema\/person\/cb800f8d2c47d609da925ef5e21279b9"},"headline":"Inicia el VII Encuentro Bienal Centroamericano y del Caribe de Investigaci\u00f3n y Posgrado","datePublished":"2025-10-08T20:11:34+00:00","dateModified":"2025-10-08T20:14:33+00:00","mainEntityOfPage":{"@id":"https:\/\/csuca.org\/es\/inicia-el-vii-encuentro-bienal-centroamericano-y-del-caribe-de-investigacion-y-posgrado\/"},"wordCount":539,"publisher":{"@id":"https:\/\/csuca.org\/es\/#organization"},"image":{"@id":"https:\/\/csuca.org\/es\/inicia-el-vii-encuentro-bienal-centroamericano-y-del-caribe-de-investigacion-y-posgrado\/#primaryimage"},"thumbnailUrl":"https:\/\/csuca.org\/wp-content\/uploads\/2025\/10\/WhatsApp-Image-2025-10-08-at-1.53.59-PM.jpeg","articleSection":["Noticias"],"inLanguage":"en-US"},{"@type":"WebPage","@id":"https:\/\/csuca.org\/es\/inicia-el-vii-encuentro-bienal-centroamericano-y-del-caribe-de-investigacion-y-posgrado\/","url":"https:\/\/csuca.org\/es\/inicia-el-vii-encuentro-bienal-centroamericano-y-del-caribe-de-investigacion-y-posgrado\/","name":"Inicia el VII Encuentro Bienal Centroamericano y del Caribe de Investigaci\u00f3n y Posgrado -","isPartOf":{"@id":"https:\/\/csuca.org\/es\/#website"},"primaryImageOfPage":{"@id":"https:\/\/csuca.org\/es\/inicia-el-vii-encuentro-bienal-centroamericano-y-del-caribe-de-investigacion-y-posgrado\/#primaryimage"},"image":{"@id":"https:\/\/csuca.org\/es\/inicia-el-vii-encuentro-bienal-centroamericano-y-del-caribe-de-investigacion-y-posgrado\/#primaryimage"},"thumbnailUrl":"https:\/\/csuca.org\/wp-content\/uploads\/2025\/10\/WhatsApp-Image-2025-10-08-at-1.53.59-PM.jpeg","datePublished":"2025-10-08T20:11:34+00:00","dateModified":"2025-10-08T20:14:33+00:00","breadcrumb":{"@id":"https:\/\/csuca.org\/es\/inicia-el-vii-encuentro-bienal-centroamericano-y-del-caribe-de-investigacion-y-posgrado\/#breadcrumb"},"inLanguage":"en-US","potentialAction":[{"@type":"ReadAction","target":["https:\/\/csuca.org\/es\/inicia-el-vii-encuentro-bienal-centroamericano-y-del-caribe-de-investigacion-y-posgrado\/"]}]},{"@type":"ImageObject","inLanguage":"en-US","@id":"https:\/\/csuca.org\/es\/inicia-el-vii-encuentro-bienal-centroamericano-y-del-caribe-de-investigacion-y-posgrado\/#primaryimage","url":"https:\/\/csuca.org\/wp-content\/uploads\/2025\/10\/WhatsApp-Image-2025-10-08-at-1.53.59-PM.jpeg","contentUrl":"https:\/\/csuca.org\/wp-content\/uploads\/2025\/10\/WhatsApp-Image-2025-10-08-at-1.53.59-PM.jpeg","width":1600,"height":900},{"@type":"BreadcrumbList","@id":"https:\/\/csuca.org\/es\/inicia-el-vii-encuentro-bienal-centroamericano-y-del-caribe-de-investigacion-y-posgrado\/#breadcrumb","itemListElement":[{"@type":"ListItem","position":1,"name":"Home","item":"https:\/\/csuca.org\/"},{"@type":"ListItem","position":2,"name":"Inicia el VII Encuentro Bienal Centroamericano y del Caribe de Investigaci\u00f3n y Posgrado"}]},{"@type":"WebSite","@id":"https:\/\/csuca.org\/es\/#website","url":"https:\/\/csuca.org\/es\/","name":"https:\/\/csuca.org\/es\/","description":"CSUCA","publisher":{"@id":"https:\/\/csuca.org\/es\/#organization"},"potentialAction":[{"@type":"SearchAction","target":{"@type":"EntryPoint","urlTemplate":"https:\/\/csuca.org\/es\/?s={search_term_string}"},"query-input":{"@type":"PropertyValueSpecification","valueRequired":true,"valueName":"search_term_string"}}],"inLanguage":"en-US"},{"@type":"Organization","@id":"https:\/\/csuca.org\/es\/#organization","name":"Central American Higher University Council","url":"https:\/\/csuca.org\/es\/","logo":{"@type":"ImageObject","inLanguage":"en-US","@id":"https:\/\/csuca.org\/es\/#\/schema\/logo\/image\/","url":"https:\/\/csuca.org\/wp-content\/uploads\/2024\/06\/cropped-LOGO-SGCSUCA-WEB-1.png","contentUrl":"https:\/\/csuca.org\/wp-content\/uploads\/2024\/06\/cropped-LOGO-SGCSUCA-WEB-1.png","width":250,"height":89,"caption":"Consejo Superior Universitario Centroam\u00e9ricano"},"image":{"@id":"https:\/\/csuca.org\/es\/#\/schema\/logo\/image\/"},"sameAs":["https:\/\/www.facebook.com\/csuca","https:\/\/x.com\/sgcsuca","https:\/\/www.youtube.com\/channel\/UCv73Vuad2wI0w9wcYdsSCpg"]},{"@type":"Person","@id":"https:\/\/csuca.org\/es\/#\/schema\/person\/cb800f8d2c47d609da925ef5e21279b9","name":"SG CSUCA","image":{"@type":"ImageObject","inLanguage":"en-US","@id":"https:\/\/secure.gravatar.com\/avatar\/7e1f6f6ac7135e20ef964cb227dfa5365e76393d66d43bfc4effac4f0dbe3b1a?s=96&d=mm&r=g","url":"https:\/\/secure.gravatar.com\/avatar\/7e1f6f6ac7135e20ef964cb227dfa5365e76393d66d43bfc4effac4f0dbe3b1a?s=96&d=mm&r=g","contentUrl":"https:\/\/secure.gravatar.com\/avatar\/7e1f6f6ac7135e20ef964cb227dfa5365e76393d66d43bfc4effac4f0dbe3b1a?s=96&d=mm&r=g","caption":"SG CSUCA"},"url":"https:\/\/csuca.org\/en\/author\/mario\/"}]}},"_links":{"self":[{"href":"https:\/\/csuca.org\/en\/wp-json\/wp\/v2\/posts\/10127","targetHints":{"allow":["GET"]}}],"collection":[{"href":"https:\/\/csuca.org\/en\/wp-json\/wp\/v2\/posts"}],"about":[{"href":"https:\/\/csuca.org\/en\/wp-json\/wp\/v2\/types\/post"}],"author":[{"embeddable":true,"href":"https:\/\/csuca.org\/en\/wp-json\/wp\/v2\/users\/4"}],"replies":[{"embeddable":true,"href":"https:\/\/csuca.org\/en\/wp-json\/wp\/v2\/comments?post=10127"}],"version-history":[{"count":4,"href":"https:\/\/csuca.org\/en\/wp-json\/wp\/v2\/posts\/10127\/revisions"}],"predecessor-version":[{"id":10135,"href":"https:\/\/csuca.org\/en\/wp-json\/wp\/v2\/posts\/10127\/revisions\/10135"}],"wp:featuredmedia":[{"embeddable":true,"href":"https:\/\/csuca.org\/en\/wp-json\/wp\/v2\/media\/10128"}],"wp:attachment":[{"href":"https:\/\/csuca.org\/en\/wp-json\/wp\/v2\/media?parent=10127"}],"wp:term":[{"taxonomy":"category","embeddable":true,"href":"https:\/\/csuca.org\/en\/wp-json\/wp\/v2\/categories?post=10127"},{"taxonomy":"post_tag","embeddable":true,"href":"https:\/\/csuca.org\/en\/wp-json\/wp\/v2\/tags?post=10127"}],"curies":[{"name":"wp","href":"https:\/\/api.w.org\/{rel}","templated":true}]}}