{"id":10258,"date":"2025-10-30T08:42:23","date_gmt":"2025-10-30T14:42:23","guid":{"rendered":"https:\/\/csuca.org\/?p=10258"},"modified":"2025-10-30T08:48:56","modified_gmt":"2025-10-30T14:48:56","slug":"desarrollo-del-xxxvii-congreso-estudiantil-universitario-centroamericano-y-del-caribe","status":"publish","type":"post","link":"https:\/\/csuca.org\/en\/desarrollo-del-xxxvii-congreso-estudiantil-universitario-centroamericano-y-del-caribe\/","title":{"rendered":"Development of the XXXVII Central American and Caribbean University Student Congress"},"content":{"rendered":"<div data-elementor-type=\"wp-post\" data-elementor-id=\"10258\" class=\"elementor elementor-10258\">\n\t\t\t\t\t\t<section class=\"elementor-section elementor-top-section elementor-element elementor-element-02523db elementor-section-boxed elementor-section-height-default elementor-section-height-default\" data-id=\"02523db\" data-element_type=\"section\" data-e-type=\"section\">\n\t\t\t\t\t\t<div class=\"elementor-container elementor-column-gap-default\">\n\t\t\t\t\t<div class=\"elementor-column elementor-col-100 elementor-top-column elementor-element elementor-element-c11cbff\" data-id=\"c11cbff\" data-element_type=\"column\" data-e-type=\"column\">\n\t\t\t<div class=\"elementor-widget-wrap elementor-element-populated\">\n\t\t\t\t\t\t<div class=\"elementor-element elementor-element-1c55bbb elementor-widget elementor-widget-text-editor\" data-id=\"1c55bbb\" data-element_type=\"widget\" data-e-type=\"widget\" data-widget_type=\"text-editor.default\">\n\t\t\t\t<div class=\"elementor-widget-container\">\n\t\t\t\t\t\t\t\t\t<p style=\"text-align: right;\">Tegucigalpa, Honduras, October 25, 2025<\/p><p>On October 24 and 25, the thirty-seventh Central American and Caribbean University Student Congress (CEUCA) took place, a regionally relevant event that brings together student representatives from the universities that make up the Central American University Superior Council (CSUCA), with the purpose of strengthening cooperation ties, approving the new statutes of the Federation of University Students of Central America and the Caribbean (FEUCA) and electing its new Board of Directors.<\/p><p>The activity was carried out in a hybrid format, with in-person attendance at the Central Campus of the Francisco Moraz\u00e1n National Pedagogical University (UPNFM), and aims to promote student participation, university leadership and commitment to the educational and social development of the region.<\/p><p>The opening ceremony was attended by the Secretary General of CSUCA, MSc. Carlos Alvarado Cerezo and the Vice-Rector of Student Life of UPNFM, Dr. Bartolom\u00e9 Chinchilla, who welcomed attendees and spoke about the importance of the spirit of unity, dialogue and commitment that characterizes the student community of the region.<\/p><p>For their part, the FEUCA delegates highlighted the importance of CEUCA as a space that fosters the exchange of ideas, the updating of its statutes, and the election of new student authorities, who will represent the voice of university students before the various bodies of the regional system.<\/p><p>During the Congress, participants address issues related to student organization, regional cooperation, and the challenges of higher education in the current context, seeking to strengthen youth participation in building more equitable and sustainable societies.<\/p><p>With this activity, CSUCA reaffirms its commitment to student leadership and the active participation of the university community, contributing to the strengthening of Central American and Caribbean integration through the development of a more supportive, democratic and inclusive higher education.<\/p>\t\t\t\t\t\t\t\t<\/div>\n\t\t\t\t<\/div>\n\t\t\t\t<div class=\"elementor-element elementor-element-48e372a elementor-widget elementor-widget-image-gallery\" data-id=\"48e372a\" data-element_type=\"widget\" data-e-type=\"widget\" data-widget_type=\"image-gallery.default\">\n\t\t\t\t<div class=\"elementor-widget-container\">\n\t\t\t\t\t\t\t<div class=\"elementor-image-gallery\">\n\t\t\t<div id='gallery-1' class='gallery galleryid-10258 gallery-columns-2 gallery-size-thumbnail'><figure class='gallery-item'>\n\t\t\t<div class='gallery-icon landscape'>\n\t\t\t\t<a data-elementor-open-lightbox=\"yes\" data-elementor-lightbox-slideshow=\"48e372a\" data-elementor-lightbox-title=\"CEUCA1\" data-e-action-hash=\"#elementor-action%3Aaction%3Dlightbox%26settings%3DeyJpZCI6MTAyNjEsInVybCI6Imh0dHBzOlwvXC9jc3VjYS5vcmdcL3dwLWNvbnRlbnRcL3VwbG9hZHNcLzIwMjVcLzEwXC9DRVVDQTEuanBlZyIsInNsaWRlc2hvdyI6IjQ4ZTM3MmEifQ%3D%3D\" href='https:\/\/csuca.org\/wp-content\/uploads\/2025\/10\/CEUCA1.jpeg'><img fetchpriority=\"high\" decoding=\"async\" width=\"750\" height=\"750\" src=\"https:\/\/csuca.org\/wp-content\/uploads\/2025\/10\/CEUCA1-750x750.jpeg\" class=\"attachment-thumbnail size-thumbnail\" alt=\"\" \/><\/a>\n\t\t\t<\/div><\/figure><figure class='gallery-item'>\n\t\t\t<div class='gallery-icon landscape'>\n\t\t\t\t<a data-elementor-open-lightbox=\"yes\" data-elementor-lightbox-slideshow=\"48e372a\" data-elementor-lightbox-title=\"CEUCA3\" data-e-action-hash=\"#elementor-action%3Aaction%3Dlightbox%26settings%3DeyJpZCI6MTAyNTksInVybCI6Imh0dHBzOlwvXC9jc3VjYS5vcmdcL3dwLWNvbnRlbnRcL3VwbG9hZHNcLzIwMjVcLzEwXC9DRVVDQTMuanBlZyIsInNsaWRlc2hvdyI6IjQ4ZTM3MmEifQ%3D%3D\" href='https:\/\/csuca.org\/wp-content\/uploads\/2025\/10\/CEUCA3.jpeg'><img decoding=\"async\" width=\"750\" height=\"750\" src=\"https:\/\/csuca.org\/wp-content\/uploads\/2025\/10\/CEUCA3-750x750.jpeg\" class=\"attachment-thumbnail size-thumbnail\" alt=\"\" \/><\/a>\n\t\t\t<\/div><\/figure>\n\t\t<\/div>\n\t\t<\/div>\n\t\t\t\t\t\t<\/div>\n\t\t\t\t<\/div>\n\t\t\t\t\t<\/div>\n\t\t<\/div>\n\t\t\t\t\t<\/div>\n\t\t<\/section>\n\t\t\t\t<\/div>","protected":false},"excerpt":{"rendered":"<p>Tegucigalpa, Honduras, 25 de octubre de 2025 Los d\u00edas 24 y 25 de octubre se desarroll\u00f3 el trig\u00e9simo s\u00e9ptimo Congreso Estudiantil Universitario Centroamericano y del Caribe (CEUCA), un evento de relevancia regional que re\u00fane a representantes estudiantiles de las universidades que integran el Consejo Superior Universitario Centroamericano (CSUCA), con el prop\u00f3sito de fortalecer los lazos &hellip; <a href=\"https:\/\/csuca.org\/en\/desarrollo-del-xxxvii-congreso-estudiantil-universitario-centroamericano-y-del-caribe\/\" class=\"more-link\">Continue reading<span class=\"screen-reader-text\"> &#8220;Desarrollo del XXXVII Congreso Estudiantil Universitario Centroamericano y del Caribe&#8221;<\/span><\/a><\/p>","protected":false},"author":4,"featured_media":10260,"comment_status":"closed","ping_status":"open","sticky":false,"template":"","format":"standard","meta":{"footnotes":""},"categories":[1],"tags":[],"class_list":["post-10258","post","type-post","status-publish","format-standard","has-post-thumbnail","hentry","category-noticias"],"yoast_head":"<!-- This site is optimized with the Yoast SEO plugin v28.1 - https:\/\/yoast.com\/product\/yoast-seo-wordpress\/ -->\n<title>Desarrollo del XXXVII Congreso Estudiantil Universitario Centroamericano y del Caribe -<\/title>\n<meta name=\"robots\" content=\"index, follow, max-snippet:-1, max-image-preview:large, max-video-preview:-1\" \/>\n<link rel=\"canonical\" href=\"https:\/\/csuca.org\/en\/desarrollo-del-xxxvii-congreso-estudiantil-universitario-centroamericano-y-del-caribe\/\" \/>\n<meta property=\"og:locale\" content=\"en_US\" \/>\n<meta property=\"og:type\" content=\"article\" \/>\n<meta property=\"og:title\" content=\"Desarrollo del XXXVII Congreso Estudiantil Universitario Centroamericano y del Caribe -\" \/>\n<meta property=\"og:description\" content=\"Tegucigalpa, Honduras, 25 de octubre de 2025 Los d\u00edas 24 y 25 de octubre se desarroll\u00f3 el trig\u00e9simo s\u00e9ptimo Congreso Estudiantil Universitario Centroamericano y del Caribe (CEUCA), un evento de relevancia regional que re\u00fane a representantes estudiantiles de las universidades que integran el Consejo Superior Universitario Centroamericano (CSUCA), con el prop\u00f3sito de fortalecer los lazos &hellip; Continue reading &quot;Desarrollo del XXXVII Congreso Estudiantil Universitario Centroamericano y del Caribe&quot;\" \/>\n<meta property=\"og:url\" content=\"https:\/\/csuca.org\/en\/desarrollo-del-xxxvii-congreso-estudiantil-universitario-centroamericano-y-del-caribe\/\" \/>\n<meta property=\"article:publisher\" content=\"https:\/\/www.facebook.com\/csuca\" \/>\n<meta property=\"article:published_time\" content=\"2025-10-30T14:42:23+00:00\" \/>\n<meta property=\"article:modified_time\" content=\"2025-10-30T14:48:56+00:00\" \/>\n<meta property=\"og:image\" content=\"https:\/\/csuca.org\/wp-content\/uploads\/2025\/10\/CEUCA2.jpeg\" \/>\n\t<meta property=\"og:image:width\" content=\"1600\" \/>\n\t<meta property=\"og:image:height\" content=\"1066\" \/>\n\t<meta property=\"og:image:type\" content=\"image\/jpeg\" \/>\n<meta name=\"author\" content=\"SG CSUCA\" \/>\n<meta name=\"twitter:card\" content=\"summary_large_image\" \/>\n<meta name=\"twitter:creator\" content=\"@sgcsuca\" \/>\n<meta name=\"twitter:site\" content=\"@sgcsuca\" \/>\n<meta name=\"twitter:label1\" content=\"Written by\" \/>\n\t<meta name=\"twitter:data1\" content=\"SG CSUCA\" \/>\n\t<meta name=\"twitter:label2\" content=\"Est. reading time\" \/>\n\t<meta name=\"twitter:data2\" content=\"2 minutes\" \/>\n<script type=\"application\/ld+json\" class=\"yoast-schema-graph\">{\"@context\":\"https:\\\/\\\/schema.org\",\"@graph\":[{\"@type\":\"Article\",\"@id\":\"https:\\\/\\\/csuca.org\\\/es\\\/desarrollo-del-xxxvii-congreso-estudiantil-universitario-centroamericano-y-del-caribe\\\/#article\",\"isPartOf\":{\"@id\":\"https:\\\/\\\/csuca.org\\\/es\\\/desarrollo-del-xxxvii-congreso-estudiantil-universitario-centroamericano-y-del-caribe\\\/\"},\"author\":{\"name\":\"SG CSUCA\",\"@id\":\"https:\\\/\\\/csuca.org\\\/es\\\/#\\\/schema\\\/person\\\/cb800f8d2c47d609da925ef5e21279b9\"},\"headline\":\"Desarrollo del XXXVII Congreso Estudiantil Universitario Centroamericano y del Caribe\",\"datePublished\":\"2025-10-30T14:42:23+00:00\",\"dateModified\":\"2025-10-30T14:48:56+00:00\",\"mainEntityOfPage\":{\"@id\":\"https:\\\/\\\/csuca.org\\\/es\\\/desarrollo-del-xxxvii-congreso-estudiantil-universitario-centroamericano-y-del-caribe\\\/\"},\"wordCount\":345,\"publisher\":{\"@id\":\"https:\\\/\\\/csuca.org\\\/es\\\/#organization\"},\"image\":{\"@id\":\"https:\\\/\\\/csuca.org\\\/es\\\/desarrollo-del-xxxvii-congreso-estudiantil-universitario-centroamericano-y-del-caribe\\\/#primaryimage\"},\"thumbnailUrl\":\"https:\\\/\\\/csuca.org\\\/wp-content\\\/uploads\\\/2025\\\/10\\\/CEUCA2.jpeg\",\"articleSection\":[\"Noticias\"],\"inLanguage\":\"en-US\"},{\"@type\":\"WebPage\",\"@id\":\"https:\\\/\\\/csuca.org\\\/es\\\/desarrollo-del-xxxvii-congreso-estudiantil-universitario-centroamericano-y-del-caribe\\\/\",\"url\":\"https:\\\/\\\/csuca.org\\\/es\\\/desarrollo-del-xxxvii-congreso-estudiantil-universitario-centroamericano-y-del-caribe\\\/\",\"name\":\"Desarrollo del XXXVII Congreso Estudiantil Universitario Centroamericano y del Caribe -\",\"isPartOf\":{\"@id\":\"https:\\\/\\\/csuca.org\\\/es\\\/#website\"},\"primaryImageOfPage\":{\"@id\":\"https:\\\/\\\/csuca.org\\\/es\\\/desarrollo-del-xxxvii-congreso-estudiantil-universitario-centroamericano-y-del-caribe\\\/#primaryimage\"},\"image\":{\"@id\":\"https:\\\/\\\/csuca.org\\\/es\\\/desarrollo-del-xxxvii-congreso-estudiantil-universitario-centroamericano-y-del-caribe\\\/#primaryimage\"},\"thumbnailUrl\":\"https:\\\/\\\/csuca.org\\\/wp-content\\\/uploads\\\/2025\\\/10\\\/CEUCA2.jpeg\",\"datePublished\":\"2025-10-30T14:42:23+00:00\",\"dateModified\":\"2025-10-30T14:48:56+00:00\",\"breadcrumb\":{\"@id\":\"https:\\\/\\\/csuca.org\\\/es\\\/desarrollo-del-xxxvii-congreso-estudiantil-universitario-centroamericano-y-del-caribe\\\/#breadcrumb\"},\"inLanguage\":\"en-US\",\"potentialAction\":[{\"@type\":\"ReadAction\",\"target\":[\"https:\\\/\\\/csuca.org\\\/es\\\/desarrollo-del-xxxvii-congreso-estudiantil-universitario-centroamericano-y-del-caribe\\\/\"]}]},{\"@type\":\"ImageObject\",\"inLanguage\":\"en-US\",\"@id\":\"https:\\\/\\\/csuca.org\\\/es\\\/desarrollo-del-xxxvii-congreso-estudiantil-universitario-centroamericano-y-del-caribe\\\/#primaryimage\",\"url\":\"https:\\\/\\\/csuca.org\\\/wp-content\\\/uploads\\\/2025\\\/10\\\/CEUCA2.jpeg\",\"contentUrl\":\"https:\\\/\\\/csuca.org\\\/wp-content\\\/uploads\\\/2025\\\/10\\\/CEUCA2.jpeg\",\"width\":1600,\"height\":1066},{\"@type\":\"BreadcrumbList\",\"@id\":\"https:\\\/\\\/csuca.org\\\/es\\\/desarrollo-del-xxxvii-congreso-estudiantil-universitario-centroamericano-y-del-caribe\\\/#breadcrumb\",\"itemListElement\":[{\"@type\":\"ListItem\",\"position\":1,\"name\":\"Home\",\"item\":\"https:\\\/\\\/csuca.org\\\/\"},{\"@type\":\"ListItem\",\"position\":2,\"name\":\"Desarrollo del XXXVII Congreso Estudiantil Universitario Centroamericano y del Caribe\"}]},{\"@type\":\"WebSite\",\"@id\":\"https:\\\/\\\/csuca.org\\\/es\\\/#website\",\"url\":\"https:\\\/\\\/csuca.org\\\/es\\\/\",\"name\":\"https:\\\/\\\/csuca.org\\\/es\\\/\",\"description\":\"CSUCA\",\"publisher\":{\"@id\":\"https:\\\/\\\/csuca.org\\\/es\\\/#organization\"},\"potentialAction\":[{\"@type\":\"SearchAction\",\"target\":{\"@type\":\"EntryPoint\",\"urlTemplate\":\"https:\\\/\\\/csuca.org\\\/es\\\/?s={search_term_string}\"},\"query-input\":{\"@type\":\"PropertyValueSpecification\",\"valueRequired\":true,\"valueName\":\"search_term_string\"}}],\"inLanguage\":\"en-US\"},{\"@type\":\"Organization\",\"@id\":\"https:\\\/\\\/csuca.org\\\/es\\\/#organization\",\"name\":\"Consejo Superior Universitario Centroam\u00e9ricano\",\"url\":\"https:\\\/\\\/csuca.org\\\/es\\\/\",\"logo\":{\"@type\":\"ImageObject\",\"inLanguage\":\"en-US\",\"@id\":\"https:\\\/\\\/csuca.org\\\/es\\\/#\\\/schema\\\/logo\\\/image\\\/\",\"url\":\"https:\\\/\\\/csuca.org\\\/wp-content\\\/uploads\\\/2024\\\/06\\\/cropped-LOGO-SGCSUCA-WEB-1.png\",\"contentUrl\":\"https:\\\/\\\/csuca.org\\\/wp-content\\\/uploads\\\/2024\\\/06\\\/cropped-LOGO-SGCSUCA-WEB-1.png\",\"width\":250,\"height\":89,\"caption\":\"Consejo Superior Universitario Centroam\u00e9ricano\"},\"image\":{\"@id\":\"https:\\\/\\\/csuca.org\\\/es\\\/#\\\/schema\\\/logo\\\/image\\\/\"},\"sameAs\":[\"https:\\\/\\\/www.facebook.com\\\/csuca\",\"https:\\\/\\\/x.com\\\/sgcsuca\",\"https:\\\/\\\/www.youtube.com\\\/channel\\\/UCv73Vuad2wI0w9wcYdsSCpg\"]},{\"@type\":\"Person\",\"@id\":\"https:\\\/\\\/csuca.org\\\/es\\\/#\\\/schema\\\/person\\\/cb800f8d2c47d609da925ef5e21279b9\",\"name\":\"SG CSUCA\",\"image\":{\"@type\":\"ImageObject\",\"inLanguage\":\"en-US\",\"@id\":\"https:\\\/\\\/secure.gravatar.com\\\/avatar\\\/7e1f6f6ac7135e20ef964cb227dfa5365e76393d66d43bfc4effac4f0dbe3b1a?s=96&d=mm&r=g\",\"url\":\"https:\\\/\\\/secure.gravatar.com\\\/avatar\\\/7e1f6f6ac7135e20ef964cb227dfa5365e76393d66d43bfc4effac4f0dbe3b1a?s=96&d=mm&r=g\",\"contentUrl\":\"https:\\\/\\\/secure.gravatar.com\\\/avatar\\\/7e1f6f6ac7135e20ef964cb227dfa5365e76393d66d43bfc4effac4f0dbe3b1a?s=96&d=mm&r=g\",\"caption\":\"SG CSUCA\"},\"url\":\"https:\\\/\\\/csuca.org\\\/en\\\/author\\\/mario\\\/\"}]}<\/script>\n<!-- \/ Yoast SEO plugin. -->","yoast_head_json":{"title":"Desarrollo del XXXVII Congreso Estudiantil Universitario Centroamericano y del Caribe -","robots":{"index":"index","follow":"follow","max-snippet":"max-snippet:-1","max-image-preview":"max-image-preview:large","max-video-preview":"max-video-preview:-1"},"canonical":"https:\/\/csuca.org\/en\/desarrollo-del-xxxvii-congreso-estudiantil-universitario-centroamericano-y-del-caribe\/","og_locale":"en_US","og_type":"article","og_title":"Desarrollo del XXXVII Congreso Estudiantil Universitario Centroamericano y del Caribe -","og_description":"Tegucigalpa, Honduras, 25 de octubre de 2025 Los d\u00edas 24 y 25 de octubre se desarroll\u00f3 el trig\u00e9simo s\u00e9ptimo Congreso Estudiantil Universitario Centroamericano y del Caribe (CEUCA), un evento de relevancia regional que re\u00fane a representantes estudiantiles de las universidades que integran el Consejo Superior Universitario Centroamericano (CSUCA), con el prop\u00f3sito de fortalecer los lazos &hellip; Continue reading \"Desarrollo del XXXVII Congreso Estudiantil Universitario Centroamericano y del Caribe\"","og_url":"https:\/\/csuca.org\/en\/desarrollo-del-xxxvii-congreso-estudiantil-universitario-centroamericano-y-del-caribe\/","article_publisher":"https:\/\/www.facebook.com\/csuca","article_published_time":"2025-10-30T14:42:23+00:00","article_modified_time":"2025-10-30T14:48:56+00:00","og_image":[{"width":1600,"height":1066,"url":"https:\/\/csuca.org\/wp-content\/uploads\/2025\/10\/CEUCA2.jpeg","type":"image\/jpeg"}],"author":"SG CSUCA","twitter_card":"summary_large_image","twitter_creator":"@sgcsuca","twitter_site":"@sgcsuca","twitter_misc":{"Written by":"SG CSUCA","Est. reading time":"2 minutes"},"schema":{"@context":"https:\/\/schema.org","@graph":[{"@type":"Article","@id":"https:\/\/csuca.org\/es\/desarrollo-del-xxxvii-congreso-estudiantil-universitario-centroamericano-y-del-caribe\/#article","isPartOf":{"@id":"https:\/\/csuca.org\/es\/desarrollo-del-xxxvii-congreso-estudiantil-universitario-centroamericano-y-del-caribe\/"},"author":{"name":"SG CSUCA","@id":"https:\/\/csuca.org\/es\/#\/schema\/person\/cb800f8d2c47d609da925ef5e21279b9"},"headline":"Desarrollo del XXXVII Congreso Estudiantil Universitario Centroamericano y del Caribe","datePublished":"2025-10-30T14:42:23+00:00","dateModified":"2025-10-30T14:48:56+00:00","mainEntityOfPage":{"@id":"https:\/\/csuca.org\/es\/desarrollo-del-xxxvii-congreso-estudiantil-universitario-centroamericano-y-del-caribe\/"},"wordCount":345,"publisher":{"@id":"https:\/\/csuca.org\/es\/#organization"},"image":{"@id":"https:\/\/csuca.org\/es\/desarrollo-del-xxxvii-congreso-estudiantil-universitario-centroamericano-y-del-caribe\/#primaryimage"},"thumbnailUrl":"https:\/\/csuca.org\/wp-content\/uploads\/2025\/10\/CEUCA2.jpeg","articleSection":["Noticias"],"inLanguage":"en-US"},{"@type":"WebPage","@id":"https:\/\/csuca.org\/es\/desarrollo-del-xxxvii-congreso-estudiantil-universitario-centroamericano-y-del-caribe\/","url":"https:\/\/csuca.org\/es\/desarrollo-del-xxxvii-congreso-estudiantil-universitario-centroamericano-y-del-caribe\/","name":"Desarrollo del XXXVII Congreso Estudiantil Universitario Centroamericano y del Caribe -","isPartOf":{"@id":"https:\/\/csuca.org\/es\/#website"},"primaryImageOfPage":{"@id":"https:\/\/csuca.org\/es\/desarrollo-del-xxxvii-congreso-estudiantil-universitario-centroamericano-y-del-caribe\/#primaryimage"},"image":{"@id":"https:\/\/csuca.org\/es\/desarrollo-del-xxxvii-congreso-estudiantil-universitario-centroamericano-y-del-caribe\/#primaryimage"},"thumbnailUrl":"https:\/\/csuca.org\/wp-content\/uploads\/2025\/10\/CEUCA2.jpeg","datePublished":"2025-10-30T14:42:23+00:00","dateModified":"2025-10-30T14:48:56+00:00","breadcrumb":{"@id":"https:\/\/csuca.org\/es\/desarrollo-del-xxxvii-congreso-estudiantil-universitario-centroamericano-y-del-caribe\/#breadcrumb"},"inLanguage":"en-US","potentialAction":[{"@type":"ReadAction","target":["https:\/\/csuca.org\/es\/desarrollo-del-xxxvii-congreso-estudiantil-universitario-centroamericano-y-del-caribe\/"]}]},{"@type":"ImageObject","inLanguage":"en-US","@id":"https:\/\/csuca.org\/es\/desarrollo-del-xxxvii-congreso-estudiantil-universitario-centroamericano-y-del-caribe\/#primaryimage","url":"https:\/\/csuca.org\/wp-content\/uploads\/2025\/10\/CEUCA2.jpeg","contentUrl":"https:\/\/csuca.org\/wp-content\/uploads\/2025\/10\/CEUCA2.jpeg","width":1600,"height":1066},{"@type":"BreadcrumbList","@id":"https:\/\/csuca.org\/es\/desarrollo-del-xxxvii-congreso-estudiantil-universitario-centroamericano-y-del-caribe\/#breadcrumb","itemListElement":[{"@type":"ListItem","position":1,"name":"Home","item":"https:\/\/csuca.org\/"},{"@type":"ListItem","position":2,"name":"Desarrollo del XXXVII Congreso Estudiantil Universitario Centroamericano y del Caribe"}]},{"@type":"WebSite","@id":"https:\/\/csuca.org\/es\/#website","url":"https:\/\/csuca.org\/es\/","name":"https:\/\/csuca.org\/es\/","description":"CSUCA","publisher":{"@id":"https:\/\/csuca.org\/es\/#organization"},"potentialAction":[{"@type":"SearchAction","target":{"@type":"EntryPoint","urlTemplate":"https:\/\/csuca.org\/es\/?s={search_term_string}"},"query-input":{"@type":"PropertyValueSpecification","valueRequired":true,"valueName":"search_term_string"}}],"inLanguage":"en-US"},{"@type":"Organization","@id":"https:\/\/csuca.org\/es\/#organization","name":"Central American Higher University Council","url":"https:\/\/csuca.org\/es\/","logo":{"@type":"ImageObject","inLanguage":"en-US","@id":"https:\/\/csuca.org\/es\/#\/schema\/logo\/image\/","url":"https:\/\/csuca.org\/wp-content\/uploads\/2024\/06\/cropped-LOGO-SGCSUCA-WEB-1.png","contentUrl":"https:\/\/csuca.org\/wp-content\/uploads\/2024\/06\/cropped-LOGO-SGCSUCA-WEB-1.png","width":250,"height":89,"caption":"Consejo Superior Universitario Centroam\u00e9ricano"},"image":{"@id":"https:\/\/csuca.org\/es\/#\/schema\/logo\/image\/"},"sameAs":["https:\/\/www.facebook.com\/csuca","https:\/\/x.com\/sgcsuca","https:\/\/www.youtube.com\/channel\/UCv73Vuad2wI0w9wcYdsSCpg"]},{"@type":"Person","@id":"https:\/\/csuca.org\/es\/#\/schema\/person\/cb800f8d2c47d609da925ef5e21279b9","name":"SG CSUCA","image":{"@type":"ImageObject","inLanguage":"en-US","@id":"https:\/\/secure.gravatar.com\/avatar\/7e1f6f6ac7135e20ef964cb227dfa5365e76393d66d43bfc4effac4f0dbe3b1a?s=96&d=mm&r=g","url":"https:\/\/secure.gravatar.com\/avatar\/7e1f6f6ac7135e20ef964cb227dfa5365e76393d66d43bfc4effac4f0dbe3b1a?s=96&d=mm&r=g","contentUrl":"https:\/\/secure.gravatar.com\/avatar\/7e1f6f6ac7135e20ef964cb227dfa5365e76393d66d43bfc4effac4f0dbe3b1a?s=96&d=mm&r=g","caption":"SG CSUCA"},"url":"https:\/\/csuca.org\/en\/author\/mario\/"}]}},"_links":{"self":[{"href":"https:\/\/csuca.org\/en\/wp-json\/wp\/v2\/posts\/10258","targetHints":{"allow":["GET"]}}],"collection":[{"href":"https:\/\/csuca.org\/en\/wp-json\/wp\/v2\/posts"}],"about":[{"href":"https:\/\/csuca.org\/en\/wp-json\/wp\/v2\/types\/post"}],"author":[{"embeddable":true,"href":"https:\/\/csuca.org\/en\/wp-json\/wp\/v2\/users\/4"}],"replies":[{"embeddable":true,"href":"https:\/\/csuca.org\/en\/wp-json\/wp\/v2\/comments?post=10258"}],"version-history":[{"count":4,"href":"https:\/\/csuca.org\/en\/wp-json\/wp\/v2\/posts\/10258\/revisions"}],"predecessor-version":[{"id":10266,"href":"https:\/\/csuca.org\/en\/wp-json\/wp\/v2\/posts\/10258\/revisions\/10266"}],"wp:featuredmedia":[{"embeddable":true,"href":"https:\/\/csuca.org\/en\/wp-json\/wp\/v2\/media\/10260"}],"wp:attachment":[{"href":"https:\/\/csuca.org\/en\/wp-json\/wp\/v2\/media?parent=10258"}],"wp:term":[{"taxonomy":"category","embeddable":true,"href":"https:\/\/csuca.org\/en\/wp-json\/wp\/v2\/categories?post=10258"},{"taxonomy":"post_tag","embeddable":true,"href":"https:\/\/csuca.org\/en\/wp-json\/wp\/v2\/tags?post=10258"}],"curies":[{"name":"wp","href":"https:\/\/api.w.org\/{rel}","templated":true}]}}