{"id":11009,"date":"2026-04-29T10:44:58","date_gmt":"2026-04-29T16:44:58","guid":{"rendered":"https:\/\/csuca.org\/?p=11009"},"modified":"2026-04-29T10:55:57","modified_gmt":"2026-04-29T16:55:57","slug":"csuca-impulsa-la-integracion-regional-de-la-comunicacion-universitaria-en-la-xi-asamblea-general-del-sireicu","status":"publish","type":"post","link":"https:\/\/csuca.org\/es\/csuca-impulsa-la-integracion-regional-de-la-comunicacion-universitaria-en-la-xi-asamblea-general-del-sireicu\/","title":{"rendered":"CSUCA impulsa la integraci\u00f3n regional de la comunicaci\u00f3n universitaria en la XI Asamblea General del SIREICU"},"content":{"rendered":"\t\t<div data-elementor-type=\"wp-post\" data-elementor-id=\"11009\" class=\"elementor elementor-11009\">\n\t\t\t\t\t\t<section class=\"elementor-section elementor-top-section elementor-element elementor-element-8ea9c47 elementor-section-boxed elementor-section-height-default elementor-section-height-default\" data-id=\"8ea9c47\" data-element_type=\"section\" data-e-type=\"section\">\n\t\t\t\t\t\t<div class=\"elementor-container elementor-column-gap-default\">\n\t\t\t\t\t<div class=\"elementor-column elementor-col-100 elementor-top-column elementor-element elementor-element-9df6542\" data-id=\"9df6542\" data-element_type=\"column\" data-e-type=\"column\">\n\t\t\t<div class=\"elementor-widget-wrap elementor-element-populated\">\n\t\t\t\t\t\t<div class=\"elementor-element elementor-element-733a106 elementor-widget elementor-widget-text-editor\" data-id=\"733a106\" data-element_type=\"widget\" data-e-type=\"widget\" data-widget_type=\"text-editor.default\">\n\t\t\t\t<div class=\"elementor-widget-container\">\n\t\t\t\t\t\t\t\t\t<p style=\"text-align: right;\">Guatemala 23\u00a0 de abril, 2026<\/p><p>El Sistema Regional de Informaci\u00f3n y Comunicaci\u00f3n Universitaria (SIREICU) del Consejo Superior Universitario Centroamericano (CSUCA) desarrolla la XI Asamblea General, desarroll\u00e1ndose los d\u00edas 23 y 24 de abril en la Universidad de San Carlos de Guatemala, con el prop\u00f3sito de fortalecer la articulaci\u00f3n regional de las oficinas de comunicaci\u00f3n de las universidades p\u00fablicas de Centroam\u00e9rica y el Caribe.<\/p><p>El acto inaugural dio inicio con palabras del Lic. Edwin Medina, presidente de SIREICU, quien se\u00f1al\u00f3 \u201cEstoy muy contento porque en esta asamblea hacemos entrega de la primera edici\u00f3n de una revista acad\u00e9mica, un aporte para coadyuvar la exposici\u00f3n de nuestras universidades, viendo el trabajo colectivo de todos nosotros, siendo un espacio que nos hermana y como universidades nos hace fuertes\u201d.<\/p><p>A la vez, el secretario general del CSUCA, MSc. Carlos Alvarado, destac\u00f3 \u201cEl SIREICU constituye una plataforma estrat\u00e9gica para visibilizar el aporte de la educaci\u00f3n superior p\u00fablica a la sociedad y consolidar narrativas regionales que evidencien su papel como motor de transformaci\u00f3n social\u201d, se\u00f1alando la importancia del trabajo que realiza el sistema ante la comunidad universitaria de la regi\u00f3n.<\/p><p>Por su parte, el Lic. Luis Fernando Cord\u00f3n Lucero,\u00a0 Secretario General de USAC mencion\u00f3 \u201cEl SIREICU es un motor de comunicaci\u00f3n regional en el sentido m\u00e1s profundo, ya que, se convierte en un espacio de convergencia en donde las universidades p\u00fablicas proyectan su impacto y su vocaci\u00f3n de servicio, para el desarrollo de nuestros pa\u00edses\u201d.<\/p><p>La agenda de trabajo de la asamblea contempla avances en iniciativas como el fortalecimiento de la Red y Radio Comunica, la elaboraci\u00f3n de manuales regionales de comunicaci\u00f3n en apoyo a la docencia y en situaciones de crisis, el inventario regional de medios universitarios y el impulso de campa\u00f1as conjuntas entre sistemas del CSUCA.<\/p><p>La programaci\u00f3n de la Asamblea incluye adem\u00e1s la conferencia inaugural sobre imagen p\u00fablica y planificaci\u00f3n estrat\u00e9gica de medios, la presentaci\u00f3n de informes de comisiones t\u00e9cnicas, espacios de trabajo colaborativo y la conferencia especializada sobre comunicaci\u00f3n para la inclusividad cultural y de g\u00e9nero, seguida de un taller orientado a la construcci\u00f3n de un manual regional en esta materia.<\/p><p>Es importante destacar el trabajo que realizan las oficinas de comunicaci\u00f3n universitarias de la regi\u00f3n, muchas veces con recursos limitados, pero con un firme compromiso con la integraci\u00f3n universitaria.<\/p><p>La XI Asamblea General del SIREICU consolida as\u00ed, un espacio regional de coordinaci\u00f3n estrat\u00e9gica orientado a fortalecer la comunicaci\u00f3n universitaria como eje transversal de la cooperaci\u00f3n acad\u00e9mica, la integraci\u00f3n regional y la vinculaci\u00f3n de las universidades p\u00fablicas con la sociedad.<\/p>\t\t\t\t\t\t\t\t<\/div>\n\t\t\t\t<\/div>\n\t\t\t\t\t<\/div>\n\t\t<\/div>\n\t\t\t\t\t<\/div>\n\t\t<\/section>\n\t\t\t\t<section class=\"elementor-section elementor-top-section elementor-element elementor-element-48ac772 elementor-section-boxed elementor-section-height-default elementor-section-height-default\" data-id=\"48ac772\" data-element_type=\"section\" data-e-type=\"section\">\n\t\t\t\t\t\t<div class=\"elementor-container elementor-column-gap-default\">\n\t\t\t\t\t<div class=\"elementor-column elementor-col-100 elementor-top-column elementor-element elementor-element-788d547\" data-id=\"788d547\" data-element_type=\"column\" data-e-type=\"column\">\n\t\t\t<div class=\"elementor-widget-wrap elementor-element-populated\">\n\t\t\t\t\t\t<div class=\"elementor-element elementor-element-11a7cc8 elementor-widget elementor-widget-image-gallery\" data-id=\"11a7cc8\" data-element_type=\"widget\" data-e-type=\"widget\" data-widget_type=\"image-gallery.default\">\n\t\t\t\t<div class=\"elementor-widget-container\">\n\t\t\t\t\t\t\t<div class=\"elementor-image-gallery\">\n\t\t\t\n<a data-elementor-open-lightbox=\"yes\" data-elementor-lightbox-slideshow=\"11a7cc8\" data-elementor-lightbox-title=\"SIREICU2\" data-e-action-hash=\"#elementor-action%3Aaction%3Dlightbox%26settings%3DeyJpZCI6MTEwMTIsInVybCI6Imh0dHBzOlwvXC9jc3VjYS5vcmdcL3dwLWNvbnRlbnRcL3VwbG9hZHNcLzIwMjZcLzA0XC9TSVJFSUNVMi5qcGVnIiwic2xpZGVzaG93IjoiMTFhN2NjOCJ9\" href='https:\/\/csuca.org\/wp-content\/uploads\/2026\/04\/SIREICU2.jpeg'><img fetchpriority=\"high\" decoding=\"async\" width=\"750\" height=\"750\" src=\"https:\/\/csuca.org\/wp-content\/uploads\/2026\/04\/SIREICU2-750x750.jpeg\" class=\"attachment-thumbnail size-thumbnail\" alt=\"\" \/><\/a>\n<a data-elementor-open-lightbox=\"yes\" data-elementor-lightbox-slideshow=\"11a7cc8\" data-elementor-lightbox-title=\"SIREICU3\" data-e-action-hash=\"#elementor-action%3Aaction%3Dlightbox%26settings%3DeyJpZCI6MTEwMTAsInVybCI6Imh0dHBzOlwvXC9jc3VjYS5vcmdcL3dwLWNvbnRlbnRcL3VwbG9hZHNcLzIwMjZcLzA0XC9TSVJFSUNVMy5qcGVnIiwic2xpZGVzaG93IjoiMTFhN2NjOCJ9\" href='https:\/\/csuca.org\/wp-content\/uploads\/2026\/04\/SIREICU3.jpeg'><img decoding=\"async\" width=\"750\" height=\"750\" src=\"https:\/\/csuca.org\/wp-content\/uploads\/2026\/04\/SIREICU3-750x750.jpeg\" class=\"attachment-thumbnail size-thumbnail\" alt=\"\" \/><\/a>\n\t\t<\/div>\n\t\t\t\t\t\t<\/div>\n\t\t\t\t<\/div>\n\t\t\t\t\t<\/div>\n\t\t<\/div>\n\t\t\t\t\t<\/div>\n\t\t<\/section>\n\t\t\t\t<\/div>\n\t\t","protected":false},"excerpt":{"rendered":"<p>Guatemala 23\u00a0 de abril, 2026 El Sistema Regional de Informaci\u00f3n y Comunicaci\u00f3n Universitaria (SIREICU) del Consejo Superior Universitario Centroamericano (CSUCA) desarrolla la XI Asamblea General, desarroll\u00e1ndose los d\u00edas 23 y 24 de abril en la Universidad de San Carlos de Guatemala, con el prop\u00f3sito de fortalecer la articulaci\u00f3n regional de las oficinas de comunicaci\u00f3n de &hellip; <a href=\"https:\/\/csuca.org\/es\/csuca-impulsa-la-integracion-regional-de-la-comunicacion-universitaria-en-la-xi-asamblea-general-del-sireicu\/\" class=\"more-link\">Continue reading<span class=\"screen-reader-text\"> &#8220;CSUCA impulsa la integraci\u00f3n regional de la comunicaci\u00f3n universitaria en la XI Asamblea General del SIREICU&#8221;<\/span><\/a><\/p>\n","protected":false},"author":4,"featured_media":11011,"comment_status":"closed","ping_status":"open","sticky":false,"template":"","format":"standard","meta":{"footnotes":""},"categories":[1],"tags":[81,82,137,135,130,132,125],"class_list":["post-11009","post","type-post","status-publish","format-standard","has-post-thumbnail","hentry","category-noticias","tag-asamblea","tag-avances","tag-comunicacion","tag-consejo-superior-universitario-centroamericano","tag-csuca","tag-sireicu","tag-universidad"],"_links":{"self":[{"href":"https:\/\/csuca.org\/es\/wp-json\/wp\/v2\/posts\/11009","targetHints":{"allow":["GET"]}}],"collection":[{"href":"https:\/\/csuca.org\/es\/wp-json\/wp\/v2\/posts"}],"about":[{"href":"https:\/\/csuca.org\/es\/wp-json\/wp\/v2\/types\/post"}],"author":[{"embeddable":true,"href":"https:\/\/csuca.org\/es\/wp-json\/wp\/v2\/users\/4"}],"replies":[{"embeddable":true,"href":"https:\/\/csuca.org\/es\/wp-json\/wp\/v2\/comments?post=11009"}],"version-history":[{"count":13,"href":"https:\/\/csuca.org\/es\/wp-json\/wp\/v2\/posts\/11009\/revisions"}],"predecessor-version":[{"id":11036,"href":"https:\/\/csuca.org\/es\/wp-json\/wp\/v2\/posts\/11009\/revisions\/11036"}],"wp:featuredmedia":[{"embeddable":true,"href":"https:\/\/csuca.org\/es\/wp-json\/wp\/v2\/media\/11011"}],"wp:attachment":[{"href":"https:\/\/csuca.org\/es\/wp-json\/wp\/v2\/media?parent=11009"}],"wp:term":[{"taxonomy":"category","embeddable":true,"href":"https:\/\/csuca.org\/es\/wp-json\/wp\/v2\/categories?post=11009"},{"taxonomy":"post_tag","embeddable":true,"href":"https:\/\/csuca.org\/es\/wp-json\/wp\/v2\/tags?post=11009"}],"curies":[{"name":"wp","href":"https:\/\/api.w.org\/{rel}","templated":true}]}}